{"id":75840,"date":"2019-06-08T22:23:40","date_gmt":"2019-06-08T22:23:40","guid":{"rendered":"http:\/\/192.168.64.2\/fr\/index.php\/2019\/06\/08\/le-candidat-mohamed-ould-cheikh-mohamed-ahmed-ould-ghazwani-preside-un-meeting-electoral-a-aleg\/"},"modified":"2022-07-04T21:16:58","modified_gmt":"2022-07-04T21:16:58","slug":"le-candidat-mohamed-ould-cheikh-mohamed-ahmed-ould-ghazwani-preside-un-meeting-electoral-a-aleg","status":"publish","type":"post","link":"https:\/\/ami.mr\/fr\/archives\/75840","title":{"rendered":"Le candidat Mohamed Ould Cheikh Mohamed Ahmed Ould Ghazwani pr\u00e9side un meeting \u00e9lectoral \u00e0 Aleg"},"content":{"rendered":"<p>Le candidat Mohamed Ould Cheikh Mohamed Ahmed Ould Cheikh El Ghazwani a soulign\u00e9 samedi \u00e0 Aleg lors d\u2019un meeting \u00e9lectoral qu\u2019il \u0153uvrera pour r\u00e9habiliter l\u2019\u00e9cole afin qu\u2019elle continue \u00e0 jouer son r\u00f4le d\u2019antan en semant les valeurs de la R\u00e9publique ; renfor\u00e7ant l\u2019unit\u00e9 nationale et la coh\u00e9sion sociale ; notant qu\u2019il s\u2019engage, dans ce cadre, \u00e0 entreprendre la r\u00e9forme de l\u2019enseignement qu\u2019il entamera d\u00e8s sa victoire en mettant l\u2019accent sur l\u2019\u00e9l\u00e8ve dont la r\u00e9ussite demeure l\u2019objectif sublime.<\/p>\n<p>Il s\u2019est \u00e9galement engag\u00e9 \u00e0 former, encourager et stimuler les enseignants ; \u00e0 les mettre dans des conditions de travail favorables ; \u00e0 consacrer le principe de la sanction et de la r\u00e9compense et \u00e0 multiplier la construction des \u00e9tablissements scolaires et les \u00e9quiper ; \u00e0 y rendre disponible le mat\u00e9riel didactique et \u00e0 encourager la recherche scientifique.<\/p>\n<p>Le candidat s\u2019attellera \u00e9galement \u00e0 tirer le meilleur profit des avantages comparatifs de l\u2019\u00e9conomie dans les diff\u00e9rents domaines en \u00e9laborant des politiques permettant de r\u00e9aliser une croissance soutenue afin de relever le niveau de vie des citoyens, en augmentant la production et en assurant une r\u00e9partition \u00e9quitable des ressources.<\/p>\n<p>Il a r\u00e9affirm\u00e9 qu\u2019il travaillera pour que chaque citoyen puisse jouir de services de sant\u00e9 de qualit\u00e9 et \u00e0 moindre co\u00fbt en encourageant les staffs m\u00e9dicaux et en relevant leur moral tout en renfor\u00e7ant le contr\u00f4le des m\u00e9dicaments et consommables m\u00e9dicaux ainsi que des produits alimentaires.<\/p>\n<p>Il a pr\u00e9cis\u00e9 que l\u2019unit\u00e9 nationale et la coh\u00e9sion sociale sont pour lui un objectif essentiel dont la r\u00e9alisation requiert la capacit\u00e9 de r\u00e9duire les disparit\u00e9s et de rechercher un avenir meilleur pour tous les citoyens.<\/p>\n<p>M. Mohamed Ould Cheikh Mohamed Ahmed Ould Cheikh El Ghazwani a ajout\u00e9 que la r\u00e9alisation de la stabilit\u00e9 est tributaire de la d\u00e9termination de r\u00e8gles propres \u00e0 organiser et construire une soci\u00e9t\u00e9 apte \u00e0 accompagner les transformations rapides ; \u00e0 consolider ses sources de r\u00e9f\u00e9rence communes et \u00e0 g\u00e9rer, de mani\u00e8re consensuelle, ses divergences et ses contradictions.<\/p>\n<p>M. Ghazwani a soulign\u00e9 que sa candidature \u00e0 la magistrature supr\u00eame du pays est motiv\u00e9e par le d\u00e9sir de servir la Mauritanie et loin de toute ambition pour le pouvoir et les privil\u00e8ges. Il s\u2019agit, dit-il, du sentiment du devoir vis-\u00e0-vis de la nation et de l\u2019attachement d\u2019y servir, surtout que je suis en parfaite connaissance des probl\u00e8mes et des moyens du pays.<\/p>\n<p>Le candidat a, ensuite, remerci\u00e9 les habitants du Brakna pour leur pr\u00e9sence massive \u00e0 ce meeting, qui t\u00e9moigne de leur soutien pour son programme \u00e9lectoral avant de rappeler le r\u00f4le privil\u00e9gi\u00e9 de cette wilaya dans l\u2019organisation des rencontres et congr\u00e8s ayant marqu\u00e9 des moments phares dans le processus de construction de la Mauritanie moderne.<\/p>\n<p>Au sujet des r\u00e9alisations qu\u2019il compte op\u00e9rer dans la wilaya, le candidat a pr\u00e9cis\u00e9 que le Brakna avec sa vocation agropastorale va b\u00e9n\u00e9ficier d\u2019un certain nombre de r\u00e9alisations dont la mise sur pied d\u2019un canal reliant la ville d\u2019Aleg au fleuve du S\u00e9n\u00e9gal, l\u2019am\u00e9nagement du lac d\u2019Aleg afin de pr\u00e9parer des vastes superficies agricoles, le montage des usines de production des aliments de b\u00e9tail, l\u2019augmentation du soutien allou\u00e9 aux agriculteurs et la construction de barrages et d\u2019un h\u00f4pital.<\/p>\n<p>Le candidat a enfin exhort\u00e9 les habitants du Brakna \u00e0 voter massivement le jour du scrutin, le 22 juin 2019 en sa faveur et r\u00e9it\u00e9r\u00e9 son engagement de tout faire pour servir cette soci\u00e9t\u00e9 qui est digne du respect et de la consid\u00e9ration.<\/p>\n","protected":false},"excerpt":{"rendered":"<p>Le candidat Mohamed Ould Cheikh Mohamed Ahmed Ould Cheikh El Ghazwani a soulign\u00e9 samedi \u00e0 Aleg lors d\u2019un meeting \u00e9lectoral qu\u2019il \u0153uvrera pour r\u00e9habiliter l\u2019\u00e9cole afin qu\u2019elle conti<\/p>\n","protected":false},"author":1,"featured_media":170688,"comment_status":"closed","ping_status":"closed","sticky":false,"template":"","format":"standard","meta":{"footnotes":""},"categories":[],"tags":[63984,62481,63367],"class_list":["post-75840","post","type-post","status-publish","format-standard","has-post-thumbnail","hentry","tag-63984","tag-aleg","tag-moctar"],"_links":{"self":[{"href":"https:\/\/ami.mr\/fr\/wp-json\/wp\/v2\/posts\/75840","targetHints":{"allow":["GET"]}}],"collection":[{"href":"https:\/\/ami.mr\/fr\/wp-json\/wp\/v2\/posts"}],"about":[{"href":"https:\/\/ami.mr\/fr\/wp-json\/wp\/v2\/types\/post"}],"author":[{"embeddable":true,"href":"https:\/\/ami.mr\/fr\/wp-json\/wp\/v2\/users\/1"}],"replies":[{"embeddable":true,"href":"https:\/\/ami.mr\/fr\/wp-json\/wp\/v2\/comments?post=75840"}],"version-history":[{"count":1,"href":"https:\/\/ami.mr\/fr\/wp-json\/wp\/v2\/posts\/75840\/revisions"}],"predecessor-version":[{"id":170687,"href":"https:\/\/ami.mr\/fr\/wp-json\/wp\/v2\/posts\/75840\/revisions\/170687"}],"wp:featuredmedia":[{"embeddable":true,"href":"https:\/\/ami.mr\/fr\/wp-json\/wp\/v2\/media\/170688"}],"wp:attachment":[{"href":"https:\/\/ami.mr\/fr\/wp-json\/wp\/v2\/media?parent=75840"}],"wp:term":[{"taxonomy":"category","embeddable":true,"href":"https:\/\/ami.mr\/fr\/wp-json\/wp\/v2\/categories?post=75840"},{"taxonomy":"post_tag","embeddable":true,"href":"https:\/\/ami.mr\/fr\/wp-json\/wp\/v2\/tags?post=75840"}],"curies":[{"name":"wp","href":"https:\/\/api.w.org\/{rel}","templated":true}]}}