{"id":74971,"date":"2019-04-20T10:38:31","date_gmt":"2019-04-20T10:38:31","guid":{"rendered":"http:\/\/192.168.64.2\/fr\/index.php\/2019\/04\/20\/le-ministre-des-affaires-etrangeres-se-rend-au-caire-3\/"},"modified":"2022-07-04T20:52:25","modified_gmt":"2022-07-04T20:52:25","slug":"le-ministre-des-affaires-etrangeres-se-rend-au-caire-3","status":"publish","type":"post","link":"https:\/\/ami.mr\/fr\/archives\/74971","title":{"rendered":"Le ministre des affaires \u00e9trang\u00e8res se rend au Caire"},"content":{"rendered":"<p>Le ministre des affaires \u00e9trang\u00e8res et de la coop\u00e9ration, M. Esma\u00efl Ould Cheikh Ahmed, a quitt\u00e9 Nouakchott, samedi matin, pour le Caire o\u00f9 il prendra part \u00e0 la r\u00e9union extraordinaire du conseil de la ligue arabe au niveau des ministres.<\/p>\n<p>La r\u00e9union, convoqu\u00e9e par l\u2019Etat de la Palestine, se tiendra au Caire le 21 avril 2019.<\/p>\n","protected":false},"excerpt":{"rendered":"<p>Le ministre des affaires \u00e9trang\u00e8res et de la coop\u00e9ration, M. Esma\u00efl Ould Cheikh Ahmed, a quitt\u00e9 Nouakchott, samedi matin, pour le Caire o\u00f9 il prendra part \u00e0 la r\u00e9union extraordinaire du conseil de la ligue arabe au niveau des ministres<\/p>\n","protected":false},"author":1,"featured_media":169819,"comment_status":"closed","ping_status":"closed","sticky":false,"template":"","format":"standard","meta":{"footnotes":""},"categories":[],"tags":[63990,62476,62753],"class_list":["post-74971","post","type-post","status-publish","format-standard","has-post-thumbnail","hentry","tag-activites-gouvernementales","tag-nouakchott","tag-rabani"],"_links":{"self":[{"href":"https:\/\/ami.mr\/fr\/wp-json\/wp\/v2\/posts\/74971","targetHints":{"allow":["GET"]}}],"collection":[{"href":"https:\/\/ami.mr\/fr\/wp-json\/wp\/v2\/posts"}],"about":[{"href":"https:\/\/ami.mr\/fr\/wp-json\/wp\/v2\/types\/post"}],"author":[{"embeddable":true,"href":"https:\/\/ami.mr\/fr\/wp-json\/wp\/v2\/users\/1"}],"replies":[{"embeddable":true,"href":"https:\/\/ami.mr\/fr\/wp-json\/wp\/v2\/comments?post=74971"}],"version-history":[{"count":1,"href":"https:\/\/ami.mr\/fr\/wp-json\/wp\/v2\/posts\/74971\/revisions"}],"predecessor-version":[{"id":169818,"href":"https:\/\/ami.mr\/fr\/wp-json\/wp\/v2\/posts\/74971\/revisions\/169818"}],"wp:featuredmedia":[{"embeddable":true,"href":"https:\/\/ami.mr\/fr\/wp-json\/wp\/v2\/media\/169819"}],"wp:attachment":[{"href":"https:\/\/ami.mr\/fr\/wp-json\/wp\/v2\/media?parent=74971"}],"wp:term":[{"taxonomy":"category","embeddable":true,"href":"https:\/\/ami.mr\/fr\/wp-json\/wp\/v2\/categories?post=74971"},{"taxonomy":"post_tag","embeddable":true,"href":"https:\/\/ami.mr\/fr\/wp-json\/wp\/v2\/tags?post=74971"}],"curies":[{"name":"wp","href":"https:\/\/api.w.org\/{rel}","templated":true}]}}