{"id":74759,"date":"2019-04-09T19:31:58","date_gmt":"2019-04-09T19:31:58","guid":{"rendered":"http:\/\/192.168.64.2\/fr\/index.php\/2019\/04\/09\/notre-ambassadeur-a-ankara-presente-ses-lettres-de-creance-au-president-turc\/"},"modified":"2022-07-04T20:46:43","modified_gmt":"2022-07-04T20:46:43","slug":"notre-ambassadeur-a-ankara-presente-ses-lettres-de-creance-au-president-turc","status":"publish","type":"post","link":"https:\/\/ami.mr\/fr\/archives\/74759","title":{"rendered":"Notre ambassadeur \u00e0 Ankara pr\u00e9sente ses lettres de cr\u00e9ance au Pr\u00e9sident turc"},"content":{"rendered":"<p>SEM. Cheikh Sid Ahmed El Bekaye Hamadi a pr\u00e9sent\u00e9 mardi \u00e0 Ankara, la capitale turque, \u00e0 son excellence le Pr\u00e9sident Turque, Monsieur Recep Tayyip Erdo&#287;an, les lettres de cr\u00e9ance l\u2019accr\u00e9ditant en qualit\u00e9 d\u2019ambassadeur extraordinaire et pl\u00e9nipotentiaire de la R\u00e9publique Islamique de Mauritanie aupr\u00e8s de la R\u00e9publique de Turquie.<\/p>\n<p>Au cours de l\u2019audience que le Pr\u00e9sident turc lui a accord\u00e9e, l\u2019ambassadeur a transmis les salutations du Pr\u00e9sident de la R\u00e9publique, Monsieur Mohamed Ould Abdel Aziz \u00e0 Son Excellence Monsieur le Pr\u00e9sident Recep Tayyip Erdo&#287;an et ses v\u0153ux de bonne sant\u00e9 pour lui-m\u00eame, de progr\u00e8s et de prosp\u00e9rit\u00e9 pour le peuple turc fr\u00e8re.<\/p>\n<p>Le diplomate a \u00e9galement fait un expos\u00e9 d\u00e9taill\u00e9 sur les grandes avanc\u00e9es que la Mauritanie a connues ces derni\u00e8res ann\u00e9es sur les perspectives de l\u2019excellente coop\u00e9ration entre la Mauritanie et la Turquie et sur les moyens de renforcer cette coop\u00e9ration.<\/p>\n<p>En ce qui le concerne, le Pr\u00e9sident turc a souhait\u00e9 la bienvenue \u00e0 son excellence l\u2019ambassadeur et l\u2019a charg\u00e9 de transmettre en retour, \u00e0 son fr\u00e8re et ami le Chef de l\u2019Etat, Monsieur Mohamed Ould Abdel Aziz ses salutations sinc\u00e8res ainsi que l\u2019expression de sa consid\u00e9ration, exprimant son d\u00e9sir de voir cette coop\u00e9ration se renforcer et les \u00e9changes se d\u00e9velopper entre les deux pays fr\u00e8res.<\/p>\n<p>L\u2019entrevue s\u2019est d\u00e9roul\u00e9e en pr\u00e9sence du staff de l\u2019ambassade mauritanienne \u00e0 Ankara et du ministre conseiller \u00e0 la Pr\u00e9sidence de la R\u00e9publique turque, du directeur de cabinet du Pr\u00e9sident de la R\u00e9publique, chef des conseillers et de l\u2019ambassadeur directeur des affaires africaines au minist\u00e8re des affaires \u00e9trang\u00e8res turc.<\/p>\n","protected":false},"excerpt":{"rendered":"<p>SEM. Cheikh Sid Ahmed El Bekaye Hamadi a pr\u00e9sent\u00e9 mardi \u00e0 Ankara, la capitale turque, \u00e0 son excellence le Pr\u00e9sident Turque, Monsieur Recep Tayyip Erdo&#287;an, les lettres de cr\u00e9ance l\u2019accr\u00e9ditant en qualit\u00e9 d\u2019ambassadeur extraordinaire et pl\u00e9nipotentiair<\/p>\n","protected":false},"author":1,"featured_media":169607,"comment_status":"closed","ping_status":"closed","sticky":false,"template":"","format":"standard","meta":{"footnotes":""},"categories":[],"tags":[62982,62757,63993],"class_list":["post-74759","post","type-post","status-publish","format-standard","has-post-thumbnail","hentry","tag-ankara","tag-nomma","tag-politique"],"_links":{"self":[{"href":"https:\/\/ami.mr\/fr\/wp-json\/wp\/v2\/posts\/74759","targetHints":{"allow":["GET"]}}],"collection":[{"href":"https:\/\/ami.mr\/fr\/wp-json\/wp\/v2\/posts"}],"about":[{"href":"https:\/\/ami.mr\/fr\/wp-json\/wp\/v2\/types\/post"}],"author":[{"embeddable":true,"href":"https:\/\/ami.mr\/fr\/wp-json\/wp\/v2\/users\/1"}],"replies":[{"embeddable":true,"href":"https:\/\/ami.mr\/fr\/wp-json\/wp\/v2\/comments?post=74759"}],"version-history":[{"count":1,"href":"https:\/\/ami.mr\/fr\/wp-json\/wp\/v2\/posts\/74759\/revisions"}],"predecessor-version":[{"id":169606,"href":"https:\/\/ami.mr\/fr\/wp-json\/wp\/v2\/posts\/74759\/revisions\/169606"}],"wp:featuredmedia":[{"embeddable":true,"href":"https:\/\/ami.mr\/fr\/wp-json\/wp\/v2\/media\/169607"}],"wp:attachment":[{"href":"https:\/\/ami.mr\/fr\/wp-json\/wp\/v2\/media?parent=74759"}],"wp:term":[{"taxonomy":"category","embeddable":true,"href":"https:\/\/ami.mr\/fr\/wp-json\/wp\/v2\/categories?post=74759"},{"taxonomy":"post_tag","embeddable":true,"href":"https:\/\/ami.mr\/fr\/wp-json\/wp\/v2\/tags?post=74759"}],"curies":[{"name":"wp","href":"https:\/\/api.w.org\/{rel}","templated":true}]}}