{"id":74757,"date":"2019-04-09T17:03:26","date_gmt":"2019-04-09T17:03:26","guid":{"rendered":"http:\/\/192.168.64.2\/fr\/index.php\/2019\/04\/09\/le-japon-accorde-un-soutien-financier-aux-refugies-maliens-du-camp-de-mbera-et-aux-populations-vulnerables-de-la-wilaya-du-hodh-charghi\/"},"modified":"2022-07-04T20:46:40","modified_gmt":"2022-07-04T20:46:40","slug":"le-japon-accorde-un-soutien-financier-aux-refugies-maliens-du-camp-de-mbera-et-aux-populations-vulnerables-de-la-wilaya-du-hodh-charghi","status":"publish","type":"post","link":"https:\/\/ami.mr\/fr\/archives\/74757","title":{"rendered":"Le Japon accorde un soutien financier aux r\u00e9fugi\u00e9s maliens du camp de M\u2019b\u00e9ra et aux populations vuln\u00e9rables de la wilaya du Hodh Charghi"},"content":{"rendered":"<p>Un financement d\u20191,4 milliard d\u2019ouguiya accord\u00e9 par le gouvernement japonais pour soutenir les r\u00e9fugi\u00e9s maliens du camp de M\u2019b\u00e9ra et les populations mauritaniennes vuln\u00e9rables de la wilaya du Hodh charghi a \u00e9t\u00e9 sign\u00e9, mardi \u00e0 Nouakchott, par le secr\u00e9taire g\u00e9n\u00e9ral du minist\u00e8re de l\u2019Economie et des finances, M. Mohamed Ould Ahmed A\u00efda et l\u2019ambassadeur du Japon accr\u00e9dit\u00e9 en Mauritanie, SEM Norio Ehara.<\/p>\n<p>Cette somme servira \u00e0 r\u00e9aliser 5 projets au profit des r\u00e9fugi\u00e9s maliens dans le camp de M\u2019b\u00e9ra et les zones alentours et \u00e0 financer une assistance en vivres, la cr\u00e9ation d\u2019opportunit\u00e9 d\u2019emploi et des actions humanitaires en faveur des enfants des r\u00e9fugi\u00e9s.<\/p>\n<p>Le Japon a d\u00e9j\u00e0 financ\u00e9, durant ces 7 derni\u00e8res ann\u00e9es, en partenariat avec des organisations du syst\u00e8me des Nations Unis, des actions humanitaires au profit des r\u00e9fugi\u00e9s maliens, des populations mauritaniennes vuln\u00e9rables, de la lutte contre le terrorisme et du renforcement des capacit\u00e9s de gestion des fronti\u00e8res mauritaniennes.<\/p>\n<p>Prenant la parole, au cours de la c\u00e9r\u00e9monie de signature, le secr\u00e9taire g\u00e9n\u00e9ral a soulign\u00e9 l\u2019importance qu\u2019accorde le Pr\u00e9sident de la R\u00e9publique, Monsieur Mohamed Ould Abdel Aziz aux aides humanitaires, \u00e0 la lutte contre le terrorisme, \u00e0 la protection des fronti\u00e8res et au soutien des pays voisins. Il a ajout\u00e9 que la Mauritanie et le Japon sont li\u00e9s par une coop\u00e9ration qui se renforce et s\u2019\u00e9largit de jour apr\u00e8s jour permettant d\u2019ex\u00e9cuter des projets vitaux dans des domaines vari\u00e9s. Il a ajout\u00e9 que le gouvernement japonais a entrepris ces derni\u00e8res ann\u00e9es avec le concours des organisations du Syst\u00e8me des Nations Unis des activit\u00e9s humanitaires en faveurs des r\u00e9fugi\u00e9s maliens du camp de M\u2019b\u00e9ra et des populations mauritaniennes vuln\u00e9rables dans la zone. Le secr\u00e9taire g\u00e9n\u00e9ral a exprim\u00e9 la gratitude du gouvernement et du peuple mauritaniens au gouvernement et au peuple japonais pour l\u2019appui g\u00e9n\u00e9reux que le japon ne cesse d\u2019apporter au d\u00e9veloppement socio-\u00e9conomique de la Mauritanie.<\/p>\n<p>L\u2019ambassadeur du Japon a, de son cot\u00e9, pr\u00e9cis\u00e9 que les aides de son pays s\u2019inscrivent dans la politique men\u00e9e par le Pr\u00e9sident de la R\u00e9publique, Son Excellence Monsieur Mohamed Ould Abdel Aziz qui vise \u00e0 lutter contre le terrorisme et la pauvret\u00e9 et permet de favoriser l\u2019emploi des jeunes. Il a, par la suite, exprim\u00e9 l\u2019engagement de son pays \u00e0 contribuer \u00e0 r\u00e9soudre les probl\u00e8mes auxquels font face la Mauritanie et la r\u00e9gion du Sahel.<\/p>\n<p>Pour sa part, le coordinateur r\u00e9sident par int\u00e9rim du syst\u00e8me des Nations Unis, M. Nabil Othman a soulign\u00e9 que pour appuyer les efforts du gouvernement mauritanien, le Syst\u00e8me des Nations Unis a apport\u00e9 un soutien consid\u00e9rable aux communaut\u00e9s mauritaniennes les plus vuln\u00e9rables et aux r\u00e9fugi\u00e9s maliens et \u00e0 sa population h\u00f4te dans le but de renforcer la r\u00e9ponse aux d\u00e9fis humanitaires, s\u00e9curitaires et de d\u00e9veloppement.<\/p>\n<p>La c\u00e9r\u00e9monie s\u2019est d\u00e9roul\u00e9e en pr\u00e9sence de responsables du minist\u00e8re de l\u2019Economie et des Finances et de repr\u00e9sentants d&#8217;organisations concern\u00e9es.<\/p>\n","protected":false},"excerpt":{"rendered":"<p>Un financement d\u20191,4 milliard d\u2019ouguiya accord\u00e9 par le gouvernement japonais pour soutenir les r\u00e9fugi\u00e9s maliens du camp de M\u2019b\u00e9ra et les populations mauritaniennes vuln\u00e9rables de la wilaya du Hodh charghi a \u00e9t\u00e9 sign\u00e9, mardi \u00e0 Nouakchott, par le secr\u00e9taire<\/p>\n","protected":false},"author":1,"featured_media":169605,"comment_status":"closed","ping_status":"closed","sticky":false,"template":"","format":"standard","meta":{"footnotes":""},"categories":[],"tags":[62749,62757,62476,63996],"class_list":["post-74757","post","type-post","status-publish","format-standard","has-post-thumbnail","hentry","tag-nena","tag-nomma","tag-nouakchott","tag-societe"],"_links":{"self":[{"href":"https:\/\/ami.mr\/fr\/wp-json\/wp\/v2\/posts\/74757","targetHints":{"allow":["GET"]}}],"collection":[{"href":"https:\/\/ami.mr\/fr\/wp-json\/wp\/v2\/posts"}],"about":[{"href":"https:\/\/ami.mr\/fr\/wp-json\/wp\/v2\/types\/post"}],"author":[{"embeddable":true,"href":"https:\/\/ami.mr\/fr\/wp-json\/wp\/v2\/users\/1"}],"replies":[{"embeddable":true,"href":"https:\/\/ami.mr\/fr\/wp-json\/wp\/v2\/comments?post=74757"}],"version-history":[{"count":1,"href":"https:\/\/ami.mr\/fr\/wp-json\/wp\/v2\/posts\/74757\/revisions"}],"predecessor-version":[{"id":169604,"href":"https:\/\/ami.mr\/fr\/wp-json\/wp\/v2\/posts\/74757\/revisions\/169604"}],"wp:featuredmedia":[{"embeddable":true,"href":"https:\/\/ami.mr\/fr\/wp-json\/wp\/v2\/media\/169605"}],"wp:attachment":[{"href":"https:\/\/ami.mr\/fr\/wp-json\/wp\/v2\/media?parent=74757"}],"wp:term":[{"taxonomy":"category","embeddable":true,"href":"https:\/\/ami.mr\/fr\/wp-json\/wp\/v2\/categories?post=74757"},{"taxonomy":"post_tag","embeddable":true,"href":"https:\/\/ami.mr\/fr\/wp-json\/wp\/v2\/tags?post=74757"}],"curies":[{"name":"wp","href":"https:\/\/api.w.org\/{rel}","templated":true}]}}