{"id":74755,"date":"2019-04-09T16:13:21","date_gmt":"2019-04-09T16:13:21","guid":{"rendered":"http:\/\/192.168.64.2\/fr\/index.php\/2019\/04\/09\/celebration-de-la-mondiale-de-la-sante\/"},"modified":"2022-07-04T20:46:36","modified_gmt":"2022-07-04T20:46:36","slug":"celebration-de-la-mondiale-de-la-sante","status":"publish","type":"post","link":"https:\/\/ami.mr\/fr\/archives\/74755","title":{"rendered":"C\u00e9l\u00e9bration de la Mondiale de la Sant\u00e9"},"content":{"rendered":"<p>La Mauritanie a c\u00e9l\u00e9br\u00e9 mardi \u00e0 Nouakchott la journ\u00e9e Mondiale de la Sant\u00e9 sous le th\u00e8me, pour l\u2019ann\u00e9e 2019 ,\u2018\u2019la couverture sanitaire universelle\u2019\u2019.<\/p>\n<p>Cette c\u00e9l\u00e9bration vise \u00e0 sensibiliser sur l\u2019importance de la pr\u00e9servation contre toutes les maladies et attirer l\u2019attention sur les probl\u00e8mes de sant\u00e9 g\u00e9n\u00e9rale.<\/p>\n<p>Dans le mot qu\u2019il a prononc\u00e9, au cours de la c\u00e9r\u00e9monie, M. Ahmed Jiddou Ould Zeine, charg\u00e9 de mission, secr\u00e9taire g\u00e9n\u00e9ral du minist\u00e8re de la Sant\u00e9 par int\u00e9rim, a indiqu\u00e9 que la couverture sanitaire universelle est l\u2019un des objectifs de d\u00e9veloppement durable vis\u00e9 par notre pays. Il a aussi affirm\u00e9 que le secteur de la Sant\u00e9, conform\u00e9ment aux orientations du Pr\u00e9sident de la R\u00e9publique, Monsieur Mohamed Ould Abdel Aziz, m\u00e8ne des actions visant \u00e0 assurer une couverture sanitaire g\u00e9n\u00e9rale dans le pays. Le secr\u00e9taire g\u00e9n\u00e9ral par int\u00e9rim a enfin pass\u00e9 en revue les r\u00e9alisations accomplies dans de domaine sanitaire dans notre pays.<\/p>\n<p>De son c\u00f4t\u00e9, le repr\u00e9sentant r\u00e9sident de l\u2019OMS en Mauritanie, Dr. Abdou Salam Gueye a pr\u00e9cis\u00e9 que pour des centaines de millions de personnes, en particulier les plus vuln\u00e9rables, la couverture universelle reste un espoir d\u2019\u00eatre en meilleure sant\u00e9 sans s\u2019appauvrir. Il a ajout\u00e9 que pour atteindre cet objectif, il est essentiel que chaque personne puisse obtenir les soins dont elle a besoin. Le repr\u00e9sentant de l\u2019OMS a \u00e9galement souhait\u00e9 un engagement de tous pour combler les lacunes de la couverture sanitaire universelle.<\/p>\n","protected":false},"excerpt":{"rendered":"<p>La Mauritanie a c\u00e9l\u00e9br\u00e9 mardi \u00e0 Nouakchott la journ\u00e9e Mondiale de la Sant\u00e9 sous le th\u00e8me, pour l\u2019ann\u00e9e 2019 ,\u2018\u2019la couverture sanitaire universelle\u2019\u2019.<\/p>\n<p>Cette c\u00e9l\u00e9bration vise \u00e0 sensibiliser sur l\u2019importance de la pr\u00e9servation contre toutes les maladies e<\/p>\n","protected":false},"author":1,"featured_media":169603,"comment_status":"closed","ping_status":"closed","sticky":false,"template":"","format":"standard","meta":{"footnotes":""},"categories":[],"tags":[62476,62753,63995],"class_list":["post-74755","post","type-post","status-publish","format-standard","has-post-thumbnail","hentry","tag-nouakchott","tag-rabani","tag-sante"],"_links":{"self":[{"href":"https:\/\/ami.mr\/fr\/wp-json\/wp\/v2\/posts\/74755","targetHints":{"allow":["GET"]}}],"collection":[{"href":"https:\/\/ami.mr\/fr\/wp-json\/wp\/v2\/posts"}],"about":[{"href":"https:\/\/ami.mr\/fr\/wp-json\/wp\/v2\/types\/post"}],"author":[{"embeddable":true,"href":"https:\/\/ami.mr\/fr\/wp-json\/wp\/v2\/users\/1"}],"replies":[{"embeddable":true,"href":"https:\/\/ami.mr\/fr\/wp-json\/wp\/v2\/comments?post=74755"}],"version-history":[{"count":1,"href":"https:\/\/ami.mr\/fr\/wp-json\/wp\/v2\/posts\/74755\/revisions"}],"predecessor-version":[{"id":169602,"href":"https:\/\/ami.mr\/fr\/wp-json\/wp\/v2\/posts\/74755\/revisions\/169602"}],"wp:featuredmedia":[{"embeddable":true,"href":"https:\/\/ami.mr\/fr\/wp-json\/wp\/v2\/media\/169603"}],"wp:attachment":[{"href":"https:\/\/ami.mr\/fr\/wp-json\/wp\/v2\/media?parent=74755"}],"wp:term":[{"taxonomy":"category","embeddable":true,"href":"https:\/\/ami.mr\/fr\/wp-json\/wp\/v2\/categories?post=74755"},{"taxonomy":"post_tag","embeddable":true,"href":"https:\/\/ami.mr\/fr\/wp-json\/wp\/v2\/tags?post=74755"}],"curies":[{"name":"wp","href":"https:\/\/api.w.org\/{rel}","templated":true}]}}