{"id":74510,"date":"2019-03-26T12:48:22","date_gmt":"2019-03-26T12:48:22","guid":{"rendered":"http:\/\/192.168.64.2\/fr\/index.php\/2019\/03\/26\/vents-faibles-a-moderes-de-secteur-nord-ouest-a-sud-ouest\/"},"modified":"2022-07-04T20:39:38","modified_gmt":"2022-07-04T20:39:38","slug":"vents-faibles-a-moderes-de-secteur-nord-ouest-a-sud-ouest","status":"publish","type":"post","link":"https:\/\/ami.mr\/fr\/archives\/74510","title":{"rendered":"Vents faibles \u00e0 mod\u00e9r\u00e9s de secteur nord-ouest \u00e0 sud-ouest"},"content":{"rendered":"<p>La situation g\u00e9n\u00e9rale sera caract\u00e9rise par des vents faibles \u00e0 mod\u00e9r\u00e9s de secteur nord-ouest \u00e0 sud-ouest avec une bonne p\u00e9n\u00e9tration d\u2019air humide particuli\u00e8rement sur le nord et l\u2019Ouest du pays. Le ciel sera peu nuageux \u00e0 nuageux avec probabilit\u00e9 de faibles pluies sur le sud des deux Hodhs.<\/p>\n<p>Tendance sur la ville de Nouakchott : Le vent sera faible \u00e0 mod\u00e9r\u00e9 de nord-ouest \u00e0 ouest avec une bonne p\u00e9n\u00e9tration d\u2019air humide. Le ciel sera clair \u00e0 peu nuageux.<\/p>\n<p>Pr\u00e9visions pour les Zones c\u00f4ti\u00e8re et au Large : La mer sera peu agit\u00e9e \u00e0 agiter sur le long du littoral. La houle sera de Nord-ouest et la hauteur des vagues variera de 0.5 \u00e0 1.25 m.<\/p>\n<p>Temp\u00e9ratures pr\u00e9vues pour les prochaines 24 heures :<\/p>\n<p>Villes Temp\u00e9ratures min Temp\u00e9ratures max<\/p>\n<p>Bir Moghrein 12- 25<\/p>\n<p>Zouerate 13- 28<\/p>\n<p>Oujeft 15- 32<\/p>\n<p>Chinguetti 13- 30<\/p>\n<p>Atar 15- 31<\/p>\n<p>Ouadane 14- 30<\/p>\n<p>Akjoujt 14- 31<\/p>\n<p>Nouadhibou 16 -24<\/p>\n<p>Nouakchott 16- 26<\/p>\n<p>Boutilimitt 15- 32<\/p>\n<p>Aleg 17- 32<\/p>\n<p>Maghtalahjar 16- 31<\/p>\n<p>Bogh\u00e9 18- 34<\/p>\n<p>Rosso 16- 32<\/p>\n<p>Ka\u00e9di 21 35<\/p>\n<p>Maghama 24- 37<\/p>\n<p>Mbout 24- 37<\/p>\n<p>S\u00e9libaby 25- 38<\/p>\n<p>Kiffa 25- 37<\/p>\n<p>Kankoussa 25- 39<\/p>\n<p>Bark\u00e9wol 21- 35<\/p>\n<p>Tidjikja 21- 33<\/p>\n<p>Tichitt 22- 36<\/p>\n<p>Aioun 25- 37<\/p>\n<p>N\u00e9ma 26- 38<\/p>\n<p>Oualata 25- 36<\/p>\n","protected":false},"excerpt":{"rendered":"<p>La situation g\u00e9n\u00e9rale sera caract\u00e9rise par des vents faibles \u00e0 mod\u00e9r\u00e9s de secteur nord-ouest \u00e0 sud-ouest avec une bonne p\u00e9n\u00e9tration d\u2019air humide particuli\u00e8rement sur le nord et l\u2019Ouest du pays<\/p>\n","protected":false},"author":1,"featured_media":169357,"comment_status":"closed","ping_status":"closed","sticky":false,"template":"","format":"standard","meta":{"footnotes":""},"categories":[],"tags":[63992,62476,63478],"class_list":["post-74510","post","type-post","status-publish","format-standard","has-post-thumbnail","hentry","tag-environnement-meteo","tag-nouakchott","tag-syde"],"_links":{"self":[{"href":"https:\/\/ami.mr\/fr\/wp-json\/wp\/v2\/posts\/74510","targetHints":{"allow":["GET"]}}],"collection":[{"href":"https:\/\/ami.mr\/fr\/wp-json\/wp\/v2\/posts"}],"about":[{"href":"https:\/\/ami.mr\/fr\/wp-json\/wp\/v2\/types\/post"}],"author":[{"embeddable":true,"href":"https:\/\/ami.mr\/fr\/wp-json\/wp\/v2\/users\/1"}],"replies":[{"embeddable":true,"href":"https:\/\/ami.mr\/fr\/wp-json\/wp\/v2\/comments?post=74510"}],"version-history":[{"count":1,"href":"https:\/\/ami.mr\/fr\/wp-json\/wp\/v2\/posts\/74510\/revisions"}],"predecessor-version":[{"id":169356,"href":"https:\/\/ami.mr\/fr\/wp-json\/wp\/v2\/posts\/74510\/revisions\/169356"}],"wp:featuredmedia":[{"embeddable":true,"href":"https:\/\/ami.mr\/fr\/wp-json\/wp\/v2\/media\/169357"}],"wp:attachment":[{"href":"https:\/\/ami.mr\/fr\/wp-json\/wp\/v2\/media?parent=74510"}],"wp:term":[{"taxonomy":"category","embeddable":true,"href":"https:\/\/ami.mr\/fr\/wp-json\/wp\/v2\/categories?post=74510"},{"taxonomy":"post_tag","embeddable":true,"href":"https:\/\/ami.mr\/fr\/wp-json\/wp\/v2\/tags?post=74510"}],"curies":[{"name":"wp","href":"https:\/\/api.w.org\/{rel}","templated":true}]}}