{"id":74506,"date":"2019-03-26T12:14:01","date_gmt":"2019-03-26T12:14:01","guid":{"rendered":"http:\/\/192.168.64.2\/fr\/index.php\/2019\/03\/26\/le-ministre-de-la-defense-nationale-recoit-lambassadeur-turc-en-mauritanie\/"},"modified":"2022-07-04T20:39:31","modified_gmt":"2022-07-04T20:39:31","slug":"le-ministre-de-la-defense-nationale-recoit-lambassadeur-turc-en-mauritanie","status":"publish","type":"post","link":"https:\/\/ami.mr\/fr\/archives\/74506","title":{"rendered":"Le ministre de la D\u00e9fense Nationale re\u00e7oit l&#8217;ambassadeur turc en Mauritanie"},"content":{"rendered":"<p>Le ministre de la d\u00e9fense Nationale, M. Yahya Ould Hademine, a re\u00e7u en audience, mardi \u00e0 Nouakchott, l&#8217;ambassadeur de Turquie en Mauritanie, SEM. Mehmet Bellir.<\/p>\n<p>La rencontre qui a port\u00e9 sur les diff\u00e9rentes questions d&#8217;int\u00e9r\u00eat commun s&#8217;est d\u00e9roul\u00e9e en pr\u00e9sence du secr\u00e9taire g\u00e9n\u00e9ral du minist\u00e8re , le g\u00e9n\u00e9ral de brigade Hannena Ould Sidi.<\/p>\n","protected":false},"excerpt":{"rendered":"<p>Le ministre de la d\u00e9fense Nationale, M. Yahya Ould Hademine, a re\u00e7u en audience, mardi \u00e0 Nouakchott, l&#8217;ambassadeur de Turquie en Mauritanie, SEM. Mehmet Bellir.<\/p>\n<p>La rencontre qui a port\u00e9 sur les diff\u00e9rentes questions d&#8217;int\u00e9r\u00eat commun s&#8217;est d\u00e9roul\u00e9e en p<\/p>\n","protected":false},"author":1,"featured_media":169353,"comment_status":"closed","ping_status":"closed","sticky":false,"template":"","format":"standard","meta":{"footnotes":""},"categories":[],"tags":[63990,62476,62747,63478],"class_list":["post-74506","post","type-post","status-publish","format-standard","has-post-thumbnail","hentry","tag-activites-gouvernementales","tag-nouakchott","tag-s_bechire","tag-syde"],"_links":{"self":[{"href":"https:\/\/ami.mr\/fr\/wp-json\/wp\/v2\/posts\/74506","targetHints":{"allow":["GET"]}}],"collection":[{"href":"https:\/\/ami.mr\/fr\/wp-json\/wp\/v2\/posts"}],"about":[{"href":"https:\/\/ami.mr\/fr\/wp-json\/wp\/v2\/types\/post"}],"author":[{"embeddable":true,"href":"https:\/\/ami.mr\/fr\/wp-json\/wp\/v2\/users\/1"}],"replies":[{"embeddable":true,"href":"https:\/\/ami.mr\/fr\/wp-json\/wp\/v2\/comments?post=74506"}],"version-history":[{"count":1,"href":"https:\/\/ami.mr\/fr\/wp-json\/wp\/v2\/posts\/74506\/revisions"}],"predecessor-version":[{"id":169352,"href":"https:\/\/ami.mr\/fr\/wp-json\/wp\/v2\/posts\/74506\/revisions\/169352"}],"wp:featuredmedia":[{"embeddable":true,"href":"https:\/\/ami.mr\/fr\/wp-json\/wp\/v2\/media\/169353"}],"wp:attachment":[{"href":"https:\/\/ami.mr\/fr\/wp-json\/wp\/v2\/media?parent=74506"}],"wp:term":[{"taxonomy":"category","embeddable":true,"href":"https:\/\/ami.mr\/fr\/wp-json\/wp\/v2\/categories?post=74506"},{"taxonomy":"post_tag","embeddable":true,"href":"https:\/\/ami.mr\/fr\/wp-json\/wp\/v2\/tags?post=74506"}],"curies":[{"name":"wp","href":"https:\/\/api.w.org\/{rel}","templated":true}]}}