{"id":74503,"date":"2019-03-26T11:20:35","date_gmt":"2019-03-26T11:20:35","guid":{"rendered":"http:\/\/192.168.64.2\/fr\/index.php\/2019\/03\/26\/debut-des-travaux-dun-atelier-la-programmation-saisonniere-des-moyens-dexistence-en-faveur-des-populations\/"},"modified":"2022-07-04T20:39:27","modified_gmt":"2022-07-04T20:39:27","slug":"debut-des-travaux-dun-atelier-la-programmation-saisonniere-des-moyens-dexistence-en-faveur-des-populations","status":"publish","type":"post","link":"https:\/\/ami.mr\/fr\/archives\/74503","title":{"rendered":"D\u00e9but des travaux d\u2019un atelier la programmation saisonni\u00e8re des moyens d\u2019existence en faveur des populations"},"content":{"rendered":"<p>Les travaux d\u2019un atelier sur la programmation saisonni\u00e8re des moyens d\u2019existence en faveur des populations de la wilaya du Hodh Charghi ont d\u00e9but\u00e9, hier lundi, \u00e0 N\u00e9ma.<\/p>\n<p>Cette rencontre de 6 jours, organis\u00e9e par le Programme Alimentaire Mondiale (PAM) op\u00e9rant dans la moughataa de Bassiknou, permettra de d\u00e9finir des zones et localit\u00e9s vuln\u00e9rables dans la wilaya.<\/p>\n<p>Dans son intervention, au cours de la c\u00e9r\u00e9monie d\u2019ouverture des travaux, le wali du Hodh Charghi, M. Sall Saidou El Hassen a soulign\u00e9 l\u2019importance de cette rencontre qui, \u00e0 travers une action commune entre les organisations nationales et les structures des Nations Unies, va d\u00e9finir une m\u00e9thode qui peut assurer, en cas d\u2019intervention, une vie digne aux populations n\u00e9cessiteuses.<\/p>\n<p>Le repr\u00e9sentant du PAM dans la moughataa de Basiknou a assur\u00e9, de son c\u00f4t\u00e9, l\u2019appui du PAM \u00e0 la Mauritanie avant de pr\u00e9ciser que la programmation va d\u00e9terminer les saisons et les p\u00e9riodes de crises que peut connaitre la wilaya pour arr\u00eater les mesures qui peuvent renforcer les initiatives des structures, services locaux et acteurs au d\u00e9veloppement dans la wilaya.<\/p>\n<p>La c\u00e9r\u00e9monie s\u2019est d\u00e9roul\u00e9e en pr\u00e9sence du hakem de la moughataa de N\u00e9ma, du maire de sa commune et du repr\u00e9sentant du PAM \u00e0 N\u00e9ma.<\/p>\n","protected":false},"excerpt":{"rendered":"<p>Les travaux d\u2019un atelier sur la programmation saisonni\u00e8re des moyens d\u2019existence en faveur des populations de la wilaya du Hodh Charghi ont d\u00e9but\u00e9, hier lundi, \u00e0 N\u00e9ma.<\/p>\n<p>Cette rencontre de 6 jours, organis\u00e9e par le Programme Alimentaire Mondiale (PAM) op<\/p>\n","protected":false},"author":1,"featured_media":0,"comment_status":"closed","ping_status":"closed","sticky":false,"template":"","format":"standard","meta":{"footnotes":""},"categories":[8672],"tags":[62490,63478],"class_list":["post-74503","post","type-post","status-publish","format-standard","hentry","category-8672","tag-nema","tag-syde"],"_links":{"self":[{"href":"https:\/\/ami.mr\/fr\/wp-json\/wp\/v2\/posts\/74503","targetHints":{"allow":["GET"]}}],"collection":[{"href":"https:\/\/ami.mr\/fr\/wp-json\/wp\/v2\/posts"}],"about":[{"href":"https:\/\/ami.mr\/fr\/wp-json\/wp\/v2\/types\/post"}],"author":[{"embeddable":true,"href":"https:\/\/ami.mr\/fr\/wp-json\/wp\/v2\/users\/1"}],"replies":[{"embeddable":true,"href":"https:\/\/ami.mr\/fr\/wp-json\/wp\/v2\/comments?post=74503"}],"version-history":[{"count":1,"href":"https:\/\/ami.mr\/fr\/wp-json\/wp\/v2\/posts\/74503\/revisions"}],"predecessor-version":[{"id":169349,"href":"https:\/\/ami.mr\/fr\/wp-json\/wp\/v2\/posts\/74503\/revisions\/169349"}],"wp:attachment":[{"href":"https:\/\/ami.mr\/fr\/wp-json\/wp\/v2\/media?parent=74503"}],"wp:term":[{"taxonomy":"category","embeddable":true,"href":"https:\/\/ami.mr\/fr\/wp-json\/wp\/v2\/categories?post=74503"},{"taxonomy":"post_tag","embeddable":true,"href":"https:\/\/ami.mr\/fr\/wp-json\/wp\/v2\/tags?post=74503"}],"curies":[{"name":"wp","href":"https:\/\/api.w.org\/{rel}","templated":true}]}}