{"id":74502,"date":"2019-03-26T11:00:22","date_gmt":"2019-03-26T11:00:22","guid":{"rendered":"http:\/\/192.168.64.2\/fr\/index.php\/2019\/03\/26\/selibabi-formation-de-42-femmes-assistantes-sociales-et-responsables-de-suivi-des-espaces-securises\/"},"modified":"2022-07-04T20:39:26","modified_gmt":"2022-07-04T20:39:26","slug":"selibabi-formation-de-42-femmes-assistantes-sociales-et-responsables-de-suivi-des-espaces-securises","status":"publish","type":"post","link":"https:\/\/ami.mr\/fr\/archives\/74502","title":{"rendered":"S\u00e9libabi : Formation de 42 femmes assistantes sociales et responsables de suivi des espaces s\u00e9curis\u00e9s"},"content":{"rendered":"<p>Le Wali adjoint du Guidimagha, M. Mohamad El Moctar Ould Babah a supervis\u00e9, hier lundi \u00e0 S\u00e9libabi, l\u2019ouverture des travaux d\u2019un atelier de formation au profit de 42 femmes assistantes sociales et responsables de suivi des espaces s\u00e9curis\u00e9s.<\/p>\n<p>Cette formation de cinq jours s\u2019inscrit dans le cadre d\u2019une s\u00e9rie de formations similaires en faveur de 23 localit\u00e9s \u00e0 travers la wilaya. Elle est organis\u00e9e par le projet d\u2019autonomisation des femmes et dividende d\u00e9mographique au Sahel en collaboration avec les d\u00e9partements minist\u00e9riels concern\u00e9s par la promotion de la femme et le d\u00e9veloppement local d\u2019une mani\u00e8re g\u00e9n\u00e9rale.<\/p>\n<p>Dans une allocution prononc\u00e9e pour la circonstance, le wali adjoint a mis en exergue l\u2019importance du r\u00f4le des b\u00e9n\u00e9ficiaires de cette formation dans l\u2019\u00e9ducation de la soci\u00e9t\u00e9 et particuli\u00e8rement les femmes afin que chaque citoyen maitrise ses devoirs et ses droits conform\u00e9ment aux options du gouvernement d\u00e9finies sur instructions de Son Excellence le Pr\u00e9sident de la R\u00e9publique, Monsieur Mohamed Ould Abdel Aziz. Il a enfin saisi cette opportunit\u00e9 pour remercier l\u2019ensemble des partenaires au d\u00e9veloppement de notre pays.<\/p>\n<p>La coordinatrice adjointe du projet, Mme Lemeima Mint Mohamed Mahmoud a, pour sa part, souhait\u00e9 la bienvenue aux autorit\u00e9s r\u00e9gionales et aux participantes \u00e0 la formation. Elle s\u2019est f\u00e9licit\u00e9e du niveau de coop\u00e9ration entre les d\u00e9partements concern\u00e9s par les droits de la femme.<\/p>\n<p>La coordinatrice de la cellule de l\u2019information au minist\u00e8re de l\u2019\u00e9ducation nationale, Mme Khdeija Mint kardidi a, quant \u00e0 elle, soulign\u00e9 l\u2019importance de la mission confi\u00e9e aux assistantes sociales et responsables de suivi des espaces s\u00e9curis\u00e9s et son r\u00f4le capital dans l\u2019\u00e9mancipation des femmes.<\/p>\n<p>La c\u00e9r\u00e9monie s\u2019est d\u00e9roul\u00e9e en pr\u00e9sence de plusieurs responsables r\u00e9gionaux.<\/p>\n","protected":false},"excerpt":{"rendered":"<p>Le Wali adjoint du Guidimagha, M. Mohamad El Moctar Ould Babah a supervis\u00e9, hier lundi \u00e0 S\u00e9libabi, l\u2019ouverture des travaux d\u2019un atelier de formation au profit de 42 femmes assistantes sociales et responsables de suivi des espaces s\u00e9curis\u00e9s<\/p>\n","protected":false},"author":1,"featured_media":0,"comment_status":"closed","ping_status":"closed","sticky":false,"template":"","format":"standard","meta":{"footnotes":""},"categories":[8672],"tags":[62699,63478],"class_list":["post-74502","post","type-post","status-publish","format-standard","hentry","category-8672","tag-selibabi","tag-syde"],"_links":{"self":[{"href":"https:\/\/ami.mr\/fr\/wp-json\/wp\/v2\/posts\/74502","targetHints":{"allow":["GET"]}}],"collection":[{"href":"https:\/\/ami.mr\/fr\/wp-json\/wp\/v2\/posts"}],"about":[{"href":"https:\/\/ami.mr\/fr\/wp-json\/wp\/v2\/types\/post"}],"author":[{"embeddable":true,"href":"https:\/\/ami.mr\/fr\/wp-json\/wp\/v2\/users\/1"}],"replies":[{"embeddable":true,"href":"https:\/\/ami.mr\/fr\/wp-json\/wp\/v2\/comments?post=74502"}],"version-history":[{"count":1,"href":"https:\/\/ami.mr\/fr\/wp-json\/wp\/v2\/posts\/74502\/revisions"}],"predecessor-version":[{"id":169348,"href":"https:\/\/ami.mr\/fr\/wp-json\/wp\/v2\/posts\/74502\/revisions\/169348"}],"wp:attachment":[{"href":"https:\/\/ami.mr\/fr\/wp-json\/wp\/v2\/media?parent=74502"}],"wp:term":[{"taxonomy":"category","embeddable":true,"href":"https:\/\/ami.mr\/fr\/wp-json\/wp\/v2\/categories?post=74502"},{"taxonomy":"post_tag","embeddable":true,"href":"https:\/\/ami.mr\/fr\/wp-json\/wp\/v2\/tags?post=74502"}],"curies":[{"name":"wp","href":"https:\/\/api.w.org\/{rel}","templated":true}]}}