{"id":74501,"date":"2019-03-25T21:27:46","date_gmt":"2019-03-25T21:27:46","guid":{"rendered":"http:\/\/192.168.64.2\/fr\/index.php\/2019\/03\/25\/le-ministre-de-lhabitat-et-de-lurbanisme-recoit-le-charge-daffaire-irakien\/"},"modified":"2022-07-04T20:39:26","modified_gmt":"2022-07-04T20:39:26","slug":"le-ministre-de-lhabitat-et-de-lurbanisme-recoit-le-charge-daffaire-irakien","status":"publish","type":"post","link":"https:\/\/ami.mr\/fr\/archives\/74501","title":{"rendered":"Le ministre de l\u2019habitat et de l\u2019urbanisme re\u00e7oit le charg\u00e9 d\u2019affaire irakien"},"content":{"rendered":"<p>M. Nany Ould Chrougha, ministre de l\u2019habitat, de l\u2019urbanisme et de l\u2019am\u00e9nagement du territoire a re\u00e7u lundi en audience dans son bureau \u00e0 Nouakchott M. Kossay Abdel Hadi Moussa, charg\u00e9 d\u2019affaire de l\u2019ambassade d\u2019Irak en Mauritanie.<\/p>\n<p>L\u2019entrevue a \u00e9t\u00e9 l\u2019occasion d\u2019aborder les relations de coop\u00e9ration entre la Mauritanie et l\u2019Irak et les moyens de les d\u00e9velopper et de les renforcer en particulier dans le domaine de l\u2019Habitat et de l\u2019Urbanisme.<\/p>\n","protected":false},"excerpt":{"rendered":"<p>M. Nany Ould Chrougha, ministre de l\u2019habitat, de l\u2019urbanisme et de l\u2019am\u00e9nagement du territoire a re\u00e7u lundi en audience dans son bureau \u00e0 Nouakchott M. Kossay Abdel Hadi Moussa, charg\u00e9 d\u2019affaire de l\u2019ambassade d\u2019Irak en Mauritanie<\/p>\n","protected":false},"author":1,"featured_media":0,"comment_status":"closed","ping_status":"closed","sticky":false,"template":"","format":"standard","meta":{"footnotes":""},"categories":[],"tags":[63990,62749,62476],"class_list":["post-74501","post","type-post","status-publish","format-standard","hentry","tag-activites-gouvernementales","tag-nena","tag-nouakchott"],"_links":{"self":[{"href":"https:\/\/ami.mr\/fr\/wp-json\/wp\/v2\/posts\/74501","targetHints":{"allow":["GET"]}}],"collection":[{"href":"https:\/\/ami.mr\/fr\/wp-json\/wp\/v2\/posts"}],"about":[{"href":"https:\/\/ami.mr\/fr\/wp-json\/wp\/v2\/types\/post"}],"author":[{"embeddable":true,"href":"https:\/\/ami.mr\/fr\/wp-json\/wp\/v2\/users\/1"}],"replies":[{"embeddable":true,"href":"https:\/\/ami.mr\/fr\/wp-json\/wp\/v2\/comments?post=74501"}],"version-history":[{"count":1,"href":"https:\/\/ami.mr\/fr\/wp-json\/wp\/v2\/posts\/74501\/revisions"}],"predecessor-version":[{"id":169347,"href":"https:\/\/ami.mr\/fr\/wp-json\/wp\/v2\/posts\/74501\/revisions\/169347"}],"wp:attachment":[{"href":"https:\/\/ami.mr\/fr\/wp-json\/wp\/v2\/media?parent=74501"}],"wp:term":[{"taxonomy":"category","embeddable":true,"href":"https:\/\/ami.mr\/fr\/wp-json\/wp\/v2\/categories?post=74501"},{"taxonomy":"post_tag","embeddable":true,"href":"https:\/\/ami.mr\/fr\/wp-json\/wp\/v2\/tags?post=74501"}],"curies":[{"name":"wp","href":"https:\/\/api.w.org\/{rel}","templated":true}]}}