{"id":74496,"date":"2019-03-25T18:20:55","date_gmt":"2019-03-25T18:20:55","guid":{"rendered":"http:\/\/192.168.64.2\/fr\/index.php\/2019\/03\/25\/le-ministre-des-affaires-etrangeres-et-de-la-cooperation-recoit-lambassadeur-de-palestine-en-mauritanie\/"},"modified":"2022-07-04T20:39:19","modified_gmt":"2022-07-04T20:39:19","slug":"le-ministre-des-affaires-etrangeres-et-de-la-cooperation-recoit-lambassadeur-de-palestine-en-mauritanie","status":"publish","type":"post","link":"https:\/\/ami.mr\/fr\/archives\/74496","title":{"rendered":"Le ministre des affaires \u00e9trang\u00e8res et de la coop\u00e9ration re\u00e7oit l&#8217;ambassadeur de Palestine en Mauritanie"},"content":{"rendered":"<p>Le ministre des affaires \u00e9trang\u00e8res et de la coop\u00e9ration, M. Ismail Ould Cheikh Ahmed, a re\u00e7u en audience, lundi \u00e0 Nouakchott, l&#8217;ambassadeur de l\u2019Etat de Palestine accr\u00e9dit\u00e9 en Mauritanie, SEM. Majed Mohamed Hudaib.<\/p>\n<p>La rencontre qui s&#8217;est d\u00e9roul\u00e9e en pr\u00e9sence de M. Sidi Mohamed Abdallahi, ambassadeur, directeur du monde arabe et des organisations islamiques au minist\u00e8re des affaires \u00e9trang\u00e8res et de la coop\u00e9ration, a port\u00e9 sur les questions d&#8217;int\u00e9r\u00eat commun et les moyens susceptibles de renforcer la coop\u00e9ration bilat\u00e9rale.<\/p>\n","protected":false},"excerpt":{"rendered":"<p>Le ministre des affaires \u00e9trang\u00e8res et de la coop\u00e9ration, M. Ismail Ould Cheikh Ahmed, a re\u00e7u en audience, lundi \u00e0 Nouakchott, l&#8217;ambassadeur de l\u2019Etat de Palestine accr\u00e9dit\u00e9 en Mauritanie, SEM<\/p>\n","protected":false},"author":1,"featured_media":169343,"comment_status":"closed","ping_status":"closed","sticky":false,"template":"","format":"standard","meta":{"footnotes":""},"categories":[],"tags":[63990,62749,62476,62753],"class_list":["post-74496","post","type-post","status-publish","format-standard","has-post-thumbnail","hentry","tag-activites-gouvernementales","tag-nena","tag-nouakchott","tag-rabani"],"_links":{"self":[{"href":"https:\/\/ami.mr\/fr\/wp-json\/wp\/v2\/posts\/74496","targetHints":{"allow":["GET"]}}],"collection":[{"href":"https:\/\/ami.mr\/fr\/wp-json\/wp\/v2\/posts"}],"about":[{"href":"https:\/\/ami.mr\/fr\/wp-json\/wp\/v2\/types\/post"}],"author":[{"embeddable":true,"href":"https:\/\/ami.mr\/fr\/wp-json\/wp\/v2\/users\/1"}],"replies":[{"embeddable":true,"href":"https:\/\/ami.mr\/fr\/wp-json\/wp\/v2\/comments?post=74496"}],"version-history":[{"count":1,"href":"https:\/\/ami.mr\/fr\/wp-json\/wp\/v2\/posts\/74496\/revisions"}],"predecessor-version":[{"id":169342,"href":"https:\/\/ami.mr\/fr\/wp-json\/wp\/v2\/posts\/74496\/revisions\/169342"}],"wp:featuredmedia":[{"embeddable":true,"href":"https:\/\/ami.mr\/fr\/wp-json\/wp\/v2\/media\/169343"}],"wp:attachment":[{"href":"https:\/\/ami.mr\/fr\/wp-json\/wp\/v2\/media?parent=74496"}],"wp:term":[{"taxonomy":"category","embeddable":true,"href":"https:\/\/ami.mr\/fr\/wp-json\/wp\/v2\/categories?post=74496"},{"taxonomy":"post_tag","embeddable":true,"href":"https:\/\/ami.mr\/fr\/wp-json\/wp\/v2\/tags?post=74496"}],"curies":[{"name":"wp","href":"https:\/\/api.w.org\/{rel}","templated":true}]}}