{"id":74492,"date":"2019-03-25T16:12:10","date_gmt":"2019-03-25T16:12:10","guid":{"rendered":"http:\/\/192.168.64.2\/fr\/index.php\/2019\/03\/25\/le-ministre-des-affaires-islamiques-preside-loperation-de-tirage-des-candidats-au-pelerinage\/"},"modified":"2022-07-04T20:39:13","modified_gmt":"2022-07-04T20:39:13","slug":"le-ministre-des-affaires-islamiques-preside-loperation-de-tirage-des-candidats-au-pelerinage","status":"publish","type":"post","link":"https:\/\/ami.mr\/fr\/archives\/74492","title":{"rendered":"Le ministre des Affaires islamiques pr\u00e9side l\u2019op\u00e9ration de tirage des candidats au p\u00e8lerinage"},"content":{"rendered":"<p>Le ministre des Affaires islamiques et de l\u2019Enseignement originel, M. Ahmed Ould Daoud a pr\u00e9sid\u00e9, hier dimanche \u00e0 Nouakchott, l\u2019op\u00e9ration de tirage au sort \u00e9lectronique qui a permis d\u2019arr\u00eater la liste des personnes accept\u00e9es pour la saison du p\u00e8lerinage de l\u2019an 1440 de l\u2019h\u00e9gire.<\/p>\n<p>Au cours de l\u2019op\u00e9ration, 2000 personnes sur les 4600 candidates au p\u00e8lerinage ont \u00e9t\u00e9 retenues sur l\u2019ensemble du territoire national.<\/p>\n<p>Le ministre des Affaires islamiques et de l\u2019Enseignement originel a indiqu\u00e9, dans ce cadre, que l\u2019op\u00e9ration d\u2019enregistrement des p\u00e8lerins s\u2019est d\u00e9roul\u00e9e, cette ann\u00e9e et comme d\u2019habitude, dans de bonnes conditions avant de souligner que le tirage s\u2019est d\u00e9roul\u00e9 de mani\u00e8re transparente.<\/p>\n<p>De son c\u00f4t\u00e9, le directeur du p\u00e8lerinage a pr\u00e9sent\u00e9 les mesures techniques que le p\u00e8lerin doit suivre pour accomplir son p\u00e8lerinage dans de bonnes conditions.<\/p>\n","protected":false},"excerpt":{"rendered":"<p>Le ministre des Affaires islamiques et de l\u2019Enseignement originel, M. Ahmed Ould Daoud a pr\u00e9sid\u00e9, hier dimanche \u00e0 Nouakchott, l\u2019op\u00e9ration de tirage au sort \u00e9lectronique qui a permis d\u2019arr\u00eater la liste des personnes accept\u00e9es pour la saison du p\u00e8lerinage d<\/p>\n","protected":false},"author":1,"featured_media":0,"comment_status":"closed","ping_status":"closed","sticky":false,"template":"","format":"standard","meta":{"footnotes":""},"categories":[],"tags":[63990,62476,62753],"class_list":["post-74492","post","type-post","status-publish","format-standard","hentry","tag-activites-gouvernementales","tag-nouakchott","tag-rabani"],"_links":{"self":[{"href":"https:\/\/ami.mr\/fr\/wp-json\/wp\/v2\/posts\/74492","targetHints":{"allow":["GET"]}}],"collection":[{"href":"https:\/\/ami.mr\/fr\/wp-json\/wp\/v2\/posts"}],"about":[{"href":"https:\/\/ami.mr\/fr\/wp-json\/wp\/v2\/types\/post"}],"author":[{"embeddable":true,"href":"https:\/\/ami.mr\/fr\/wp-json\/wp\/v2\/users\/1"}],"replies":[{"embeddable":true,"href":"https:\/\/ami.mr\/fr\/wp-json\/wp\/v2\/comments?post=74492"}],"version-history":[{"count":1,"href":"https:\/\/ami.mr\/fr\/wp-json\/wp\/v2\/posts\/74492\/revisions"}],"predecessor-version":[{"id":169338,"href":"https:\/\/ami.mr\/fr\/wp-json\/wp\/v2\/posts\/74492\/revisions\/169338"}],"wp:attachment":[{"href":"https:\/\/ami.mr\/fr\/wp-json\/wp\/v2\/media?parent=74492"}],"wp:term":[{"taxonomy":"category","embeddable":true,"href":"https:\/\/ami.mr\/fr\/wp-json\/wp\/v2\/categories?post=74492"},{"taxonomy":"post_tag","embeddable":true,"href":"https:\/\/ami.mr\/fr\/wp-json\/wp\/v2\/tags?post=74492"}],"curies":[{"name":"wp","href":"https:\/\/api.w.org\/{rel}","templated":true}]}}