{"id":74465,"date":"2019-03-24T12:55:25","date_gmt":"2019-03-24T12:55:25","guid":{"rendered":"http:\/\/192.168.64.2\/fr\/index.php\/2019\/03\/24\/retour-du-ministre-de-lenseignement-superieur-de-praia\/"},"modified":"2022-07-04T20:38:27","modified_gmt":"2022-07-04T20:38:27","slug":"retour-du-ministre-de-lenseignement-superieur-de-praia","status":"publish","type":"post","link":"https:\/\/ami.mr\/fr\/archives\/74465","title":{"rendered":"Retour du ministre de l\u2019enseignement sup\u00e9rieur de Praia"},"content":{"rendered":"<p>Dr. Sidi Ould Salem, ministre de l\u2019enseignement sup\u00e9rieur, de la recherche scientifique et des technologies de l\u2019information et de la communication (TICs) a regagn\u00e9 Nouakchott samedi en provenance de Praia (R\u00e9publique du Cap Vert).<\/p>\n<p>Cette visite s\u2019inscrit dans le cadre du renforcement des relations existant entre la Mauritanie et ce pays fr\u00e8re en particulier dans le domaine des technologies de l\u2019information et de la communication en particulier du Gouvernement-e et de la s\u00e9curit\u00e9 cybern\u00e9tique ainsi que du partage des infrastructures de communication.<\/p>\n<p>Le ministre \u00e9tait accompagn\u00e9 au cours de ce voyage par M. Mohamed Lemine Ould Salihi, directeur g\u00e9n\u00e9ral des technologies de l\u2019information et de la communication.<\/p>\n","protected":false},"excerpt":{"rendered":"<p>Dr. Sidi Ould Salem, ministre de l\u2019enseignement sup\u00e9rieur, de la recherche scientifique et des technologies de l\u2019information et de la communication (TICs) a regagn\u00e9 Nouakchott samedi en provenance de Praia (R\u00e9publique du Cap Vert)<\/p>\n","protected":false},"author":1,"featured_media":169311,"comment_status":"closed","ping_status":"closed","sticky":false,"template":"","format":"standard","meta":{"footnotes":""},"categories":[],"tags":[63990,62476,63478],"class_list":["post-74465","post","type-post","status-publish","format-standard","has-post-thumbnail","hentry","tag-activites-gouvernementales","tag-nouakchott","tag-syde"],"_links":{"self":[{"href":"https:\/\/ami.mr\/fr\/wp-json\/wp\/v2\/posts\/74465","targetHints":{"allow":["GET"]}}],"collection":[{"href":"https:\/\/ami.mr\/fr\/wp-json\/wp\/v2\/posts"}],"about":[{"href":"https:\/\/ami.mr\/fr\/wp-json\/wp\/v2\/types\/post"}],"author":[{"embeddable":true,"href":"https:\/\/ami.mr\/fr\/wp-json\/wp\/v2\/users\/1"}],"replies":[{"embeddable":true,"href":"https:\/\/ami.mr\/fr\/wp-json\/wp\/v2\/comments?post=74465"}],"version-history":[{"count":1,"href":"https:\/\/ami.mr\/fr\/wp-json\/wp\/v2\/posts\/74465\/revisions"}],"predecessor-version":[{"id":169310,"href":"https:\/\/ami.mr\/fr\/wp-json\/wp\/v2\/posts\/74465\/revisions\/169310"}],"wp:featuredmedia":[{"embeddable":true,"href":"https:\/\/ami.mr\/fr\/wp-json\/wp\/v2\/media\/169311"}],"wp:attachment":[{"href":"https:\/\/ami.mr\/fr\/wp-json\/wp\/v2\/media?parent=74465"}],"wp:term":[{"taxonomy":"category","embeddable":true,"href":"https:\/\/ami.mr\/fr\/wp-json\/wp\/v2\/categories?post=74465"},{"taxonomy":"post_tag","embeddable":true,"href":"https:\/\/ami.mr\/fr\/wp-json\/wp\/v2\/tags?post=74465"}],"curies":[{"name":"wp","href":"https:\/\/api.w.org\/{rel}","templated":true}]}}