{"id":74200,"date":"2019-03-12T11:52:33","date_gmt":"2019-03-12T11:52:33","guid":{"rendered":"http:\/\/192.168.64.2\/fr\/index.php\/2019\/03\/12\/le-ministre-des-affaires-etrangeres-sentretient-avec-un-envoye-special-francais-pour-a-region-du-sahel\/"},"modified":"2022-07-04T20:30:21","modified_gmt":"2022-07-04T20:30:21","slug":"le-ministre-des-affaires-etrangeres-sentretient-avec-un-envoye-special-francais-pour-a-region-du-sahel","status":"publish","type":"post","link":"https:\/\/ami.mr\/fr\/archives\/74200","title":{"rendered":"Le ministre des affaires \u00e9trang\u00e8res s\u2019entretient avec un envoy\u00e9 sp\u00e9cial fran\u00e7ais pour a r\u00e9gion du Sahel"},"content":{"rendered":"<p>Le ministre des affaires \u00e9trang\u00e8res et de la coop\u00e9ration, M. Isma\u00efl Ould Cheikh Ahmed, s\u2019est entretenu, vendredi \u00e0 Nouakchott, avec M. Jean Marc Chataigner, actuellement en visite dans notre pays en compagnie d\u2019une importante d\u00e9l\u00e9gation fran\u00e7aise.<\/p>\n<p>La rencontre s\u2019est d\u00e9roul\u00e9e en pr\u00e9sence de M. Ahmed Mahmouden, ambassadeur directeur des affaires europ\u00e9ennes, au minist\u00e8re des affaires \u00e9trang\u00e8res et de la coop\u00e9ration.<\/p>\n","protected":false},"excerpt":{"rendered":"<p>Le ministre des affaires \u00e9trang\u00e8res et de la coop\u00e9ration, M. Isma\u00efl Ould Cheikh Ahmed, s\u2019est entretenu, vendredi \u00e0 Nouakchott, avec M. Jean Marc Chataigner, actuellement en visite dans notre pays en compagnie d\u2019une importante d\u00e9l\u00e9gation fran\u00e7aise<\/p>\n","protected":false},"author":1,"featured_media":169046,"comment_status":"closed","ping_status":"closed","sticky":false,"template":"","format":"standard","meta":{"footnotes":""},"categories":[],"tags":[63990,63227,62476,62753],"class_list":["post-74200","post","type-post","status-publish","format-standard","has-post-thumbnail","hentry","tag-activites-gouvernementales","tag-medlem","tag-nouakchott","tag-rabani"],"_links":{"self":[{"href":"https:\/\/ami.mr\/fr\/wp-json\/wp\/v2\/posts\/74200","targetHints":{"allow":["GET"]}}],"collection":[{"href":"https:\/\/ami.mr\/fr\/wp-json\/wp\/v2\/posts"}],"about":[{"href":"https:\/\/ami.mr\/fr\/wp-json\/wp\/v2\/types\/post"}],"author":[{"embeddable":true,"href":"https:\/\/ami.mr\/fr\/wp-json\/wp\/v2\/users\/1"}],"replies":[{"embeddable":true,"href":"https:\/\/ami.mr\/fr\/wp-json\/wp\/v2\/comments?post=74200"}],"version-history":[{"count":1,"href":"https:\/\/ami.mr\/fr\/wp-json\/wp\/v2\/posts\/74200\/revisions"}],"predecessor-version":[{"id":169045,"href":"https:\/\/ami.mr\/fr\/wp-json\/wp\/v2\/posts\/74200\/revisions\/169045"}],"wp:featuredmedia":[{"embeddable":true,"href":"https:\/\/ami.mr\/fr\/wp-json\/wp\/v2\/media\/169046"}],"wp:attachment":[{"href":"https:\/\/ami.mr\/fr\/wp-json\/wp\/v2\/media?parent=74200"}],"wp:term":[{"taxonomy":"category","embeddable":true,"href":"https:\/\/ami.mr\/fr\/wp-json\/wp\/v2\/categories?post=74200"},{"taxonomy":"post_tag","embeddable":true,"href":"https:\/\/ami.mr\/fr\/wp-json\/wp\/v2\/tags?post=74200"}],"curies":[{"name":"wp","href":"https:\/\/api.w.org\/{rel}","templated":true}]}}