{"id":74195,"date":"2019-03-12T10:58:57","date_gmt":"2019-03-12T10:58:57","guid":{"rendered":"http:\/\/192.168.64.2\/fr\/index.php\/2019\/03\/12\/fin-du-telethon-dappui-a-lequipe-nationale-les-mourabitoune\/"},"modified":"2022-07-04T20:30:14","modified_gmt":"2022-07-04T20:30:14","slug":"fin-du-telethon-dappui-a-lequipe-nationale-les-mourabitoune","status":"publish","type":"post","link":"https:\/\/ami.mr\/fr\/archives\/74195","title":{"rendered":"Fin du T\u00e9l\u00e9thon d\u2019appui \u00e0 l\u2019\u00e9quipe nationale \u2018\u2019les Mourabitoune\u2019\u2019"},"content":{"rendered":"<p>La campagne de T\u00e9l\u00e9thon d\u2019appui \u00e0 l\u2019\u00e9quipe nationale \u2018\u2019les Mourabitoune\u2019\u2019 a pris fin mardi matin aux premi\u00e8res heures de la journ\u00e9e dans les locaux de la T\u00e9l\u00e9vision nationale \u00e0 l\u2019issue de trois jours cons\u00e9cutifs de collecte de dons, organis\u00e9e en r\u00e9ponse \u00e0 l\u2019appel du Pr\u00e9sident de la R\u00e9publique, Monsieur Mohamed Ould Abdel Aziz.<\/p>\n<p>Les dons ont atteint, dans le cadre de cet \u00e9lan national plus de 57 millions ouguiyas (nouveaux) comme montant provisoire en attendant que parviennent les contributions des wilaya de l\u2019int\u00e9rieur du pays et des ambassades mauritaniennes \u00e0 l\u2019\u00e9tranger qui ont connu une campagne de collecte de dons similaire.<\/p>\n<p>Les dons ont afflu\u00e9 de la part des institutions et entreprises publiques et priv\u00e9es et autres personnes morales; des personnalit\u00e9s nationales ; des cadres ; des citoyens et des organisations populaires et professionnelles.<\/p>\n<p>Le Pr\u00e9sident de la R\u00e9publique, Monsieur Mohamed Ould Abdel Aziz, avait ouvert ce T\u00e9l\u00e9thon jeudi soir au si\u00e8ge de la F\u00e9d\u00e9ration Mauritanienne de Football (FFRIM), une occasion pour le Premier ministre et les membres du gouvernement ainsi que des hautes personnalit\u00e9s de l\u2019Etat de pr\u00e9senter leur contribution pour soutenir notre Onze national dans son parcours honorable le qualifiant, pour la premi\u00e8re fois dans l\u2019histoire du Football national, aux phases finales de la Coupe d\u2019Afrique des Nations (CAN) pr\u00e9vues en juin 2019 en Egypte.<\/p>\n<p>A cette occasion, M. Mohamed Salem Ould Boukhreiss, charg\u00e9 de mission au minist\u00e8re de la jeunesse et des sports, a remerci\u00e9, dans son mot prononc\u00e9 au nom du ministre, le peuple mauritanien pour sa participation active au T\u00e9l\u00e9thon et pour cet \u00e9lan de g\u00e9n\u00e9rosit\u00e9 avant de promettre d\u2019annoncer les r\u00e9sultats d\u00e9finitifs apr\u00e8s comptage des contributions restantes.<\/p>\n<p>A son tour, le pr\u00e9sident de la FFRIM, M. Ahmed Ould Yahya a exprim\u00e9 sa fiert\u00e9 \u00e0 l\u2019occasion de cette participation sans pr\u00e9c\u00e9dent qui traduit le soutien du peuple mauritanien, toutes ses composantes confondues, \u00e0 son \u00e9quipe nationale, les \u00ab Mourabitounes \u00bb.<\/p>\n","protected":false},"excerpt":{"rendered":"<p>La campagne de T\u00e9l\u00e9thon d\u2019appui \u00e0 l\u2019\u00e9quipe nationale \u2018\u2019les Mourabitoune\u2019\u2019 a pris fin mardi matin aux premi\u00e8res heures de la journ\u00e9e dans les locaux de la T\u00e9l\u00e9vision nationale \u00e0 l\u2019issue de trois jours cons\u00e9cutifs de collecte de dons, organis\u00e9e en r\u00e9ponse<\/p>\n","protected":false},"author":1,"featured_media":0,"comment_status":"closed","ping_status":"closed","sticky":false,"template":"","format":"standard","meta":{"footnotes":""},"categories":[],"tags":[62985,62476,63993],"class_list":["post-74195","post","type-post","status-publish","format-standard","hentry","tag-nafa","tag-nouakchott","tag-politique"],"_links":{"self":[{"href":"https:\/\/ami.mr\/fr\/wp-json\/wp\/v2\/posts\/74195","targetHints":{"allow":["GET"]}}],"collection":[{"href":"https:\/\/ami.mr\/fr\/wp-json\/wp\/v2\/posts"}],"about":[{"href":"https:\/\/ami.mr\/fr\/wp-json\/wp\/v2\/types\/post"}],"author":[{"embeddable":true,"href":"https:\/\/ami.mr\/fr\/wp-json\/wp\/v2\/users\/1"}],"replies":[{"embeddable":true,"href":"https:\/\/ami.mr\/fr\/wp-json\/wp\/v2\/comments?post=74195"}],"version-history":[{"count":1,"href":"https:\/\/ami.mr\/fr\/wp-json\/wp\/v2\/posts\/74195\/revisions"}],"predecessor-version":[{"id":169040,"href":"https:\/\/ami.mr\/fr\/wp-json\/wp\/v2\/posts\/74195\/revisions\/169040"}],"wp:attachment":[{"href":"https:\/\/ami.mr\/fr\/wp-json\/wp\/v2\/media?parent=74195"}],"wp:term":[{"taxonomy":"category","embeddable":true,"href":"https:\/\/ami.mr\/fr\/wp-json\/wp\/v2\/categories?post=74195"},{"taxonomy":"post_tag","embeddable":true,"href":"https:\/\/ami.mr\/fr\/wp-json\/wp\/v2\/tags?post=74195"}],"curies":[{"name":"wp","href":"https:\/\/api.w.org\/{rel}","templated":true}]}}