{"id":74158,"date":"2019-03-08T22:05:18","date_gmt":"2019-03-08T22:05:18","guid":{"rendered":"http:\/\/192.168.64.2\/fr\/index.php\/2019\/03\/08\/commemoration-de-la-fete-internationale-de-la-femme-au-niveau-des-wilayas-de-linterieur\/"},"modified":"2022-07-04T20:29:17","modified_gmt":"2022-07-04T20:29:17","slug":"commemoration-de-la-fete-internationale-de-la-femme-au-niveau-des-wilayas-de-linterieur","status":"publish","type":"post","link":"https:\/\/ami.mr\/fr\/archives\/74158","title":{"rendered":"Comm\u00e9moration de la f\u00eate Internationale de la femme au niveau des wilayas de l\u2019int\u00e9rieur"},"content":{"rendered":"<p>La journ\u00e9e internationale de la femme, qui co\u00efncide avec le 8 mars de chaque ann\u00e9e, a \u00e9t\u00e9 comm\u00e9mor\u00e9e, vendredi, dans toutes les wilayas du pays, sous le th\u00e8me \u2018\u2019 d\u00e9cennie de la femme mauritanienne\u2019\u2019.<\/p>\n<p>L\u2019\u00e9v\u00e8nement a donn\u00e9 lieu \u00e0 des c\u00e9r\u00e9monies et un certain nombre d\u2019activit\u00e9s dont des expositions et r\u00e9ceptions d\u2019\u00e9quipements destin\u00e9s aux coop\u00e9ratives f\u00e9minines et l\u2019octroi des prix aux filles laur\u00e9ates des \u00e9tablissements \u00e9ducatifs .<\/p>\n<p>Au niveau du Hodh Echarghi, le wali, M. Sall Sa\u00efdou Hacen, a, au nom de la ministre des affaires sociales, de l\u2019enfance et de la famille, prononc\u00e9 un mot dans lequel il a pr\u00e9cis\u00e9 que cette journ\u00e9e constitue une occasion annuelle pour \u00e9valuer les acquis r\u00e9alis\u00e9s en faveur de la femme et diagnostiquer les contraintes qui se dressent encore devant son \u00e9mancipation pour leur apporter des solutions.<\/p>\n<p>Il a ajout\u00e9 que la derni\u00e8re d\u00e9cennie a \u00e9t\u00e9 marqu\u00e9e par une pr\u00e9sence consid\u00e9rable de la femme dans les centres de d\u00e9cision.<\/p>\n<p>Quant au maire de N\u00e9ma, il a f\u00e9licit\u00e9 la femme mauritanienne et lui souhait\u00e9 davantage de progr\u00e8s dans les domaines politique, \u00e9conomique et social.<\/p>\n<p>Le wali a, par la suite, visit\u00e9 une exposition de vente des produits f\u00e9minins.<\/p>\n<p>La c\u00e9r\u00e9monie a donn\u00e9 lieu \u00e0 la remise aux filles laur\u00e9ates dans les examens des dipl\u00f4mes du premier cycle du secondaire et du fondamental.<\/p>\n<p>Au Hodh El Gharbi, le wali, M. Mohamed Lemine Ould Belamch, a mis en exergue le contexte dans lequel intervient cette journ\u00e9e, marqu\u00e9e par des transformations profondes et majeures, notant que la femme occupe une place saillante dans le programme du Pr\u00e9sident de la R\u00e9publique, Monsieur Mohamed Ould Abdel Aziz.<\/p>\n<p>Quant \u00e0 la d\u00e9l\u00e9gu\u00e9e r\u00e9gionale du minist\u00e8re des affaires sociales, de l\u2019enfance et de la famille (MASEF), Mme Mounina Mint Chah, elle a mis en exergue le r\u00f4le que joue la femme actuellement surtout les plans.<\/p>\n<p>Pour sa part, l\u2019adjointe du maire d\u2019A\u00efoun, Mme Fatimettou Mint Ahmedou Ould Abdalla, elle a f\u00e9licit\u00e9 la femme mauritanienne et lui souhait\u00e9 davantage de progr\u00e8s et de prosp\u00e9rit\u00e9.<\/p>\n<p>Au terme de la c\u00e9r\u00e9monie, le wali a visit\u00e9 les diff\u00e9rents stands de l\u2019exposition f\u00e9minine organis\u00e9e pour la circonstance.<\/p>\n<p>Pour sa part, le wali de l\u2019Adrar, M. Cheikh Ould Abdallahi Ould Ewah, a pass\u00e9 en revue les \u00e9tapes franchies par la femme sur le chemin du progr\u00e8s et son acc\u00e8s consid\u00e9rable au secteur de l\u2019\u00e9ducation nationale, dans les centres de formation professionnelle et not\u00e9 les opportunit\u00e9s d\u2019emploi offerte \u00e0 son \u00e9gard par la soci\u00e9t\u00e9 Toumour Mauritania (STM) et les pr\u00eats et facilit\u00e9s qui lui sont accord\u00e9s par les CAPRC et CDD.<\/p>\n<p>Quant \u00e0 la d\u00e9l\u00e9gu\u00e9e r\u00e9gionale de la MASEF, Mme Mint El Id, elle a pr\u00e9cis\u00e9 que cette journ\u00e9e constitue l\u2019occasion pour \u00e9valuer, renforcer et pr\u00e9server les acquis, notant que la contribution de la femme \u00e0 l\u2019effort de d\u00e9veloppement est toujours en dessous des attentes.<\/p>\n<p>La c\u00e9r\u00e9monie a donn\u00e9 lieu \u00e0 la remise de distinctions aux filles laur\u00e9ates de l\u2019\u00e9cole III d\u2019Atar et une visite au jardin d\u2019enfant El Quads et une coop\u00e9rative f\u00e9minine sp\u00e9cialis\u00e9e dans la valorisation des produits et d\u00e9riv\u00e9s des palmiers dattiers.<\/p>\n<p>Une exposition des produits f\u00e9minins a \u00e9t\u00e9 organis\u00e9e par la circonstance et visit\u00e9e par la wali, qui a constat\u00e9 le niveau de dext\u00e9rit\u00e9 et de bravoure de la femme de l\u2019Adrar.<\/p>\n<p>Au niveau de l\u2019Assaba, la f\u00eate a \u00e9t\u00e9 marqu\u00e9e par l\u2019exposition des produits f\u00e9minins et la remise des r\u00e9compenses aux filles laur\u00e9ates des \u00e9coles de la wilaya par le projet d\u2019autonomisation de la femme et le dividende d\u00e9mographique dans le Sahel.<\/p>\n<p>Le wali mou\u00e7aid, M. Mohamed Lemine Ould Ahmed, a pass\u00e9 en revue les acquis r\u00e9alis\u00e9s au profit de la femme mauritanienne au cours de la derni\u00e8re d\u00e9cennie aux plans \u00e9conomique et social.<\/p>\n<p>Quant \u00e0 la d\u00e9l\u00e9gu\u00e9e r\u00e9gionale de la MASEF, Mme Savia Mint Mohamed Mahmoud Ould Hachem, elle a d\u00e9taill\u00e9 les efforts du gouvernement visant \u00e0 promouvoir l\u2019action de la femme et faire d\u2019elle un vrai partenaire dans tous les domaines.<\/p>\n<p>Dans la capitale \u00e9conomique, le wali, M. Mohamed Ould Ahmed Salem Ould Mohamed Rare, a pr\u00e9cis\u00e9 que la femme a b\u00e9n\u00e9fici\u00e9 d\u2019une importance capitale dans le projet de soci\u00e9t\u00e9 du Pr\u00e9sident de la R\u00e9publique, Monsieur Mohamed Ould Abdel Aziz, et dans les politiques et programmes ex\u00e9cut\u00e9s par le gouvernement du Premier ministre, l\u2019ing\u00e9nieur Mohamed Salem Ould B\u00e9chir.<\/p>\n<p>La wali a \u00e9galement inaugur\u00e9 une exposition des produits f\u00e9minins et supervis\u00e9 la remise des prix aux filles laur\u00e9ates dans les examens des dipl\u00f4mes du premier cycle du secondaire et du fondamental.<\/p>\n<p>La f\u00eate a \u00e9t\u00e9 marqu\u00e9e au Brakna par des lectures po\u00e9tiques, s\u00e9quences musicales et sketch sur le r\u00f4le de la femme dans l\u2019\u0153uvre de d\u00e9veloppement, en plus de la distribution des prix aux filles laur\u00e9ates dans les examens des dipl\u00f4mes du premier cycle du secondaire et du fondamental.<\/p>\n<p>S\u2019exprimant pour l\u2019occasion, le wali du Brakna, M. Mohamed Cheikh Ould Soue\u00efdi , a hautement appr\u00e9ci\u00e9 les acquis dont la femme mauritanienne a b\u00e9n\u00e9fici\u00e9 ces dix derni\u00e8res ann\u00e9es.<\/p>\n<p>Pour sa part, la d\u00e9l\u00e9gu\u00e9e r\u00e9gionale de la MASEF, Mme Toutou Mint Yacoub, elle a mis en relief les avantages dont a b\u00e9n\u00e9fici\u00e9 la femme au Brakna, cette derni\u00e8re d\u00e9cennie, gr\u00e2ce aux orientations du Pr\u00e9sident de la R\u00e9publique.<\/p>\n<p>Une exposition des produits f\u00e9minins a \u00e9t\u00e9 inaugur\u00e9e par la suite par le wali, en pr\u00e9sence du commandant de la 7\u00e8me r\u00e9gion militaire et du hakem d\u2019Atar.<\/p>\n<p>Au Trarza, les festivit\u00e9s comm\u00e9moratives de la journ\u00e9e ont d\u00e9but\u00e9 par un mot du wali mou\u00e7aid, M. Mohamed Mahmoud Ould Mohamed Vall, dans lequel il a not\u00e9 la pr\u00e9sence significative de la femme aux centres de prise de d\u00e9cision.<\/p>\n<p>Des prix ont \u00e9t\u00e9 offerts \u00e9galement aux filles laur\u00e9ates dans les examens des dipl\u00f4mes du premier cycle du secondaire et du fondamental.<\/p>\n<p>Au Tagant, le wali, M. Diallo Mamadou Demba, a vivement lou\u00e9 l\u2019int\u00e9r\u00eat et les acquis dont la femme mauritanienne a fait l\u2019objet ces derni\u00e8res ann\u00e9es et qui lui permis de se positionner aux centres de d\u00e9cisions et dans toutes les sph\u00e8res de l\u2019appareil de l\u2019Etat.<\/p>\n<p>Quant \u00e0 la d\u00e9l\u00e9gu\u00e9e r\u00e9gionale de la MASEF, Mme Aminettou Mint N\u00e9ma, elle a soulign\u00e9 l\u2019attention accord\u00e9e par les pouvoirs publics \u00e0 la femme, en application des directives du Pr\u00e9sident de la R\u00e9publique, Monsieur Mohamed Ould Abdel Aziz.<\/p>\n<p>Le wali a par la suite visit\u00e9 une exposition f\u00e9minine et supervis\u00e9 la distribution des prix aux filles laur\u00e9ates des \u00e9tablissements \u00e9ducatifs de la wilaya et la remise d\u2019aides aux indigents.<\/p>\n<p>Dans le Tiris Zemmour, le wali, M. Sidi Ould Isselmou, a pass\u00e9 en revue les avanc\u00e9es r\u00e9alis\u00e9es par la femme mauritanienne dans le cadre du programme du Pr\u00e9sident de la R\u00e9publique, Monsieur Mohamed Ould Abdel Aziz. L\u00e0 aussi les filles laur\u00e9ates ont \u00e9t\u00e9 prim\u00e9es.<\/p>\n<p>Pour sa part, le wali de l\u2019Inchiri, M. Mohamed Ould Saleck, il a lu les points essentiels du discours de Mme la ministre des affaires sociales, de l\u2019enfance et de la famille.<\/p>\n<p>Lui succ\u00e9dant, la d\u00e9l\u00e9gu\u00e9e r\u00e9gionale de la MASEF, Mme Fatimettou Mint Saadbouh, a pr\u00e9cis\u00e9 que la femme a enregistr\u00e9 des progr\u00e8s significatifs ces derni\u00e8res ann\u00e9es.<\/p>\n<p>Au niveau du Gorgol, le wali, M. Yahya Ould Cheikh Mohamed Vall, a mis en exergue l\u2019int\u00e9r\u00eat qu\u2019attache le Pr\u00e9sident de la R\u00e9publique, Monsieur Mohamed Ould Abdel Aziz, int\u00e9r\u00eat mat\u00e9rialis\u00e9 dans les politiques et programmes du gouvernement.<\/p>\n<p>Pour sa part, la d\u00e9l\u00e9gu\u00e9e de la MASEF, Mme Saoudetou Ly, a \u00e9num\u00e9r\u00e9 les progr\u00e8s op\u00e9r\u00e9s par la femme mauritanienne et remerci\u00e9 les partenaires pour le soutien qu\u2019ils accordent \u00e0 son d\u00e9partement.<\/p>\n<p>Au Guidimakha, le wali, M. Diallo Omar Amadou, a soulign\u00e9 l\u2019importance qu\u2019accorde le Pr\u00e9sident de la R\u00e9publique, Monsieur Mohamed Ould Abdel Aziz, \u00e0 la promotion de la femme.<\/p>\n<p>Quant \u00e0 la d\u00e9l\u00e9gu\u00e9e r\u00e9gionale de MSEF, Mme Khadijettou Y\u00e9ro Diallo, elle a salu\u00e9 les efforts visant garantir l\u2019autonomisation de la femme et facilitant son acc\u00e8s aux centres de d\u00e9cisions.<\/p>\n<p>Des prix ont \u00e9t\u00e9 remis aux filles laur\u00e9ates des \u00e9tablissements \u00e9ducatifs de la wilaya.<\/p>\n","protected":false},"excerpt":{"rendered":"<p>La journ\u00e9e internationale de la femme, qui co\u00efncide avec le 8 mars de chaque ann\u00e9e, a \u00e9t\u00e9 comm\u00e9mor\u00e9e, vendredi, dans toutes les wilayas du pays, sous le th\u00e8me \u2018\u2019 d\u00e9cennie de la femme mauritanienne\u2019\u2019<\/p>\n","protected":false},"author":1,"featured_media":0,"comment_status":"closed","ping_status":"closed","sticky":false,"template":"","format":"standard","meta":{"footnotes":""},"categories":[8672],"tags":[62476,62747],"class_list":["post-74158","post","type-post","status-publish","format-standard","hentry","category-8672","tag-nouakchott","tag-s_bechire"],"_links":{"self":[{"href":"https:\/\/ami.mr\/fr\/wp-json\/wp\/v2\/posts\/74158","targetHints":{"allow":["GET"]}}],"collection":[{"href":"https:\/\/ami.mr\/fr\/wp-json\/wp\/v2\/posts"}],"about":[{"href":"https:\/\/ami.mr\/fr\/wp-json\/wp\/v2\/types\/post"}],"author":[{"embeddable":true,"href":"https:\/\/ami.mr\/fr\/wp-json\/wp\/v2\/users\/1"}],"replies":[{"embeddable":true,"href":"https:\/\/ami.mr\/fr\/wp-json\/wp\/v2\/comments?post=74158"}],"version-history":[{"count":1,"href":"https:\/\/ami.mr\/fr\/wp-json\/wp\/v2\/posts\/74158\/revisions"}],"predecessor-version":[{"id":169003,"href":"https:\/\/ami.mr\/fr\/wp-json\/wp\/v2\/posts\/74158\/revisions\/169003"}],"wp:attachment":[{"href":"https:\/\/ami.mr\/fr\/wp-json\/wp\/v2\/media?parent=74158"}],"wp:term":[{"taxonomy":"category","embeddable":true,"href":"https:\/\/ami.mr\/fr\/wp-json\/wp\/v2\/categories?post=74158"},{"taxonomy":"post_tag","embeddable":true,"href":"https:\/\/ami.mr\/fr\/wp-json\/wp\/v2\/tags?post=74158"}],"curies":[{"name":"wp","href":"https:\/\/api.w.org\/{rel}","templated":true}]}}