{"id":72903,"date":"2019-01-01T12:51:47","date_gmt":"2019-01-01T12:51:47","guid":{"rendered":"http:\/\/192.168.64.2\/fr\/index.php\/2019\/01\/01\/organisation-dune-rencontre-debat-sur-le-role-des-medias-dans-la-lutte-contre-lincitation-a-la-haine-et-la-distinction\/"},"modified":"2022-07-04T19:54:12","modified_gmt":"2022-07-04T19:54:12","slug":"organisation-dune-rencontre-debat-sur-le-role-des-medias-dans-la-lutte-contre-lincitation-a-la-haine-et-la-distinction","status":"publish","type":"post","link":"https:\/\/ami.mr\/fr\/archives\/72903","title":{"rendered":"Organisation d\u2019une rencontre-d\u00e9bat sur le r\u00f4le des m\u00e9dias dans la lutte contre l\u2019incitation \u00e0 la haine et la distinction"},"content":{"rendered":"<p>\u2018\u2019Le r\u00f4le que doivent jouer les m\u00e9dias dans la lutte contre l\u2019incitation \u00e0 la haine et \u00e0 la distinction et pour la d\u00e9fense des constantes nationales\u2019\u2019, \u00e9tait le sujet d\u2019une rencontre- d\u00e9bat, organis\u00e9e, mardi matin \u00e0 Nouakchott, par le minist\u00e8re de la culture, de l\u2019artisanat et des relations avec le parlement au profit des repr\u00e9sentants des diff\u00e9rentes composantes du paysage m\u00e9diatique national et des blogueurs, ind\u00e9pendamment de leurs orientations politiques, en plus des personnalit\u00e9s culturelles et acad\u00e9miques int\u00e9ress\u00e9es par les messages m\u00e9diatiques.<\/p>\n<p>Introduisant la rencontre, le ministre de la culture, de l\u2019artisanat et des relations avec le parlement, porte-parole du gouvernement, Me. Sidi Mohamed Ould Maham, a soulign\u00e9 que la Mauritanie a connu, au cours de la derni\u00e8re d\u00e9cennie, gr\u00e2ce \u00e0 la volont\u00e9 du Pr\u00e9sident de la R\u00e9publique, Monsieur Mohamed Ould Abdel Aziz, un bond qualitatif en mati\u00e8re de lutte contre les s\u00e9quelles du passif humanitaire et de l\u2019esclavage.<\/p>\n<p>Il ajoute : la cr\u00e9ation de l\u2019agence Tadamoune, qui a \u0153uvr\u00e9 pour la construction des \u00e9coles et dispensaires dans les quartiers pr\u00e9caires pour rapprocher les services de base de ses populations, a permis \u00e0 celles-ci de rompre de mani\u00e8re d\u00e9finitive avec leur pass\u00e9 malheureux. L\u2019Etat restera ferme et intransigeant \u00e0 l\u2019endroit \u00e0 toute tentative de nature \u00e0 saper les constantes nationales, surtout l\u2019unit\u00e9 nationale et la paix sociale.<\/p>\n<p>Au sujet du r\u00f4le attendu des m\u00e9dias dans le domaine, le ministre a soulign\u00e9 que les m\u00e9dias exercent un r\u00f4le fondamental dans la vulgarisation de l\u2019esprit de fraternit\u00e9, d\u2019entente et d\u2019estime dans les rangs des citoyens, appelant \u00e0 \u2018\u2019l\u2019utilisation des r\u00e9seaux sociaux au service d\u2019une Mauritanie unifi\u00e9e, cohabit\u00e9e avec soi, s\u00e9curis\u00e9e et stable\u2019\u2019.<\/p>\n<p>L\u2019occasion a \u00e9t\u00e9 donn\u00e9e, par la suite, aux journalistes et blogueurs pour exprimer leurs points de vue et soulever leurs questions.<\/p>\n<p>Ces derniers ont ax\u00e9 leurs interventions sur la n\u00e9cessit\u00e9 de barrer la route devant les auteurs de la haine et de la discrimination, tout appelant \u00e0 mettre les \u00e9crits au service de ce combat pour pr\u00e9server l\u2019harmonie et la coh\u00e9rence de notre soci\u00e9t\u00e9.<\/p>\n<p>En r\u00e9ponse, le ministre de la culture a exhort\u00e9 les journalistes et blogueurs \u00e0 cibler et commencer par les valeurs communes avant d\u2019\u00e9voluer vers celles de nature \u00e0 renforcer la compl\u00e9mentarit\u00e9 et la coh\u00e9sion entre tous les \u00e9l\u00e9ments de notre soci\u00e9t\u00e9.<\/p>\n<p>La rencontre s\u2019est d\u00e9roul\u00e9e en pr\u00e9sence du secr\u00e9taire g\u00e9n\u00e9ral du minist\u00e8re de la culture, de l\u2019artisanat et des relations avec le parlement et des directeurs g\u00e9n\u00e9raux de l\u2019AMI, de la RM, d\u2019El Mauritania et de la TDM, en plus du maire de Tevragh-Zeina et des responsables du d\u00e9partement de la culture, de l\u2019artisanat et des relations avec les relations avec le parlement.<\/p>\n","protected":false},"excerpt":{"rendered":"<p>\u2018\u2019Le r\u00f4le que doivent jouer les m\u00e9dias dans la lutte contre l\u2019incitation \u00e0 la haine et \u00e0 la distinction et pour la d\u00e9fense des constantes nationales\u2019\u2019, \u00e9tait le sujet d\u2019une rencont<\/p>\n","protected":false},"author":1,"featured_media":167749,"comment_status":"closed","ping_status":"closed","sticky":false,"template":"","format":"standard","meta":{"footnotes":""},"categories":[],"tags":[63990,62741,62476,63403],"class_list":["post-72903","post","type-post","status-publish","format-standard","has-post-thumbnail","hentry","tag-activites-gouvernementales","tag-khweira","tag-nouakchott","tag-saleh"],"_links":{"self":[{"href":"https:\/\/ami.mr\/fr\/wp-json\/wp\/v2\/posts\/72903","targetHints":{"allow":["GET"]}}],"collection":[{"href":"https:\/\/ami.mr\/fr\/wp-json\/wp\/v2\/posts"}],"about":[{"href":"https:\/\/ami.mr\/fr\/wp-json\/wp\/v2\/types\/post"}],"author":[{"embeddable":true,"href":"https:\/\/ami.mr\/fr\/wp-json\/wp\/v2\/users\/1"}],"replies":[{"embeddable":true,"href":"https:\/\/ami.mr\/fr\/wp-json\/wp\/v2\/comments?post=72903"}],"version-history":[{"count":1,"href":"https:\/\/ami.mr\/fr\/wp-json\/wp\/v2\/posts\/72903\/revisions"}],"predecessor-version":[{"id":167748,"href":"https:\/\/ami.mr\/fr\/wp-json\/wp\/v2\/posts\/72903\/revisions\/167748"}],"wp:featuredmedia":[{"embeddable":true,"href":"https:\/\/ami.mr\/fr\/wp-json\/wp\/v2\/media\/167749"}],"wp:attachment":[{"href":"https:\/\/ami.mr\/fr\/wp-json\/wp\/v2\/media?parent=72903"}],"wp:term":[{"taxonomy":"category","embeddable":true,"href":"https:\/\/ami.mr\/fr\/wp-json\/wp\/v2\/categories?post=72903"},{"taxonomy":"post_tag","embeddable":true,"href":"https:\/\/ami.mr\/fr\/wp-json\/wp\/v2\/tags?post=72903"}],"curies":[{"name":"wp","href":"https:\/\/api.w.org\/{rel}","templated":true}]}}