{"id":72902,"date":"2018-12-31T20:44:49","date_gmt":"2018-12-31T20:44:49","guid":{"rendered":"http:\/\/192.168.64.2\/fr\/index.php\/2018\/12\/31\/le-wali-de-ladrar-se-reunit-aux-equipes-de-leducation-nationale-de-la-wilaya\/"},"modified":"2022-07-04T19:54:11","modified_gmt":"2022-07-04T19:54:11","slug":"le-wali-de-ladrar-se-reunit-aux-equipes-de-leducation-nationale-de-la-wilaya","status":"publish","type":"post","link":"https:\/\/ami.mr\/fr\/archives\/72902","title":{"rendered":"Le wali de l&#8217;Adrar se r\u00e9unit aux \u00e9quipes de l\u2019Education nationale de la wilaya"},"content":{"rendered":"<p>Le wali de l&#8217;Adrar, M. Cheikh Ould Abdellahi Ould Ewah, s\u2019est r\u00e9unit, lundi \u00e0 Atar, aux responsables du d\u00e9partement de l&#8217;Education nationale aux fins d\u2019\u00e9laborer une \u00e9valuation du niveau de l\u2019enseignement dans la wilaya.<\/p>\n<p>Au cours de la r\u00e9union, le wali a soulign\u00e9 l\u2019importance de l\u2019enseignement en tant que pierre angulaire du progr\u00e8s et du bien-\u00eatre des nations, louant les efforts d\u00e9ploy\u00e9s par l\u2019\u00c9tat pour aligner les produits l\u2019enseignement sur les exigences de l\u2019\u00e9poque.<\/p>\n<p>La r\u00e9union s\u2019est d\u00e9roul\u00e9e en pr\u00e9sence des autorit\u00e9s administratives et s\u00e9curitaires de la wilaya ainsi que des \u00e9lus locaux.<\/p>\n","protected":false},"excerpt":{"rendered":"<p>Le wali de l&#8217;Adrar, M. Cheikh Ould Abdellahi Ould Ewah, s\u2019est r\u00e9unit, lundi \u00e0 Atar, aux responsables du d\u00e9partement de l&#8217;Education nationale aux fins d\u2019\u00e9laborer une \u00e9valuation du niveau de l\u2019enseignement dans la wilaya<\/p>\n","protected":false},"author":1,"featured_media":0,"comment_status":"closed","ping_status":"closed","sticky":false,"template":"","format":"standard","meta":{"footnotes":""},"categories":[8672],"tags":[62486,63478],"class_list":["post-72902","post","type-post","status-publish","format-standard","hentry","category-8672","tag-atar","tag-syde"],"_links":{"self":[{"href":"https:\/\/ami.mr\/fr\/wp-json\/wp\/v2\/posts\/72902","targetHints":{"allow":["GET"]}}],"collection":[{"href":"https:\/\/ami.mr\/fr\/wp-json\/wp\/v2\/posts"}],"about":[{"href":"https:\/\/ami.mr\/fr\/wp-json\/wp\/v2\/types\/post"}],"author":[{"embeddable":true,"href":"https:\/\/ami.mr\/fr\/wp-json\/wp\/v2\/users\/1"}],"replies":[{"embeddable":true,"href":"https:\/\/ami.mr\/fr\/wp-json\/wp\/v2\/comments?post=72902"}],"version-history":[{"count":1,"href":"https:\/\/ami.mr\/fr\/wp-json\/wp\/v2\/posts\/72902\/revisions"}],"predecessor-version":[{"id":167747,"href":"https:\/\/ami.mr\/fr\/wp-json\/wp\/v2\/posts\/72902\/revisions\/167747"}],"wp:attachment":[{"href":"https:\/\/ami.mr\/fr\/wp-json\/wp\/v2\/media?parent=72902"}],"wp:term":[{"taxonomy":"category","embeddable":true,"href":"https:\/\/ami.mr\/fr\/wp-json\/wp\/v2\/categories?post=72902"},{"taxonomy":"post_tag","embeddable":true,"href":"https:\/\/ami.mr\/fr\/wp-json\/wp\/v2\/tags?post=72902"}],"curies":[{"name":"wp","href":"https:\/\/api.w.org\/{rel}","templated":true}]}}