{"id":72900,"date":"2018-12-31T17:30:06","date_gmt":"2018-12-31T17:30:06","guid":{"rendered":"http:\/\/192.168.64.2\/fr\/index.php\/2018\/12\/31\/le-president-de-la-republique-se-voit-decerner-le-prix-mandela-pour-la-securite-2018\/"},"modified":"2022-07-04T19:54:09","modified_gmt":"2022-07-04T19:54:09","slug":"le-president-de-la-republique-se-voit-decerner-le-prix-mandela-pour-la-securite-2018","status":"publish","type":"post","link":"https:\/\/ami.mr\/fr\/archives\/72900","title":{"rendered":"Le Pr\u00e9sident de la R\u00e9publique se voit d\u00e9cerner le Prix Mand\u00e9la pour la s\u00e9curit\u00e9 2018"},"content":{"rendered":"<p>Le Pr\u00e9sident de la R\u00e9publique, Monsieur Mohamed Ould Abdel Aziz, a \u00e9t\u00e9 choisi entre 3457 personnalit\u00e9s internationales candidates pour se voir d\u00e9cerner le prix Mand\u00e9la 2018 \u2018\u2019en consid\u00e9ration de l\u2019excellence africaine et de sa vision strat\u00e9gique en mati\u00e8re de s\u00e9curit\u00e9 et en reconnaissance de son m\u00e9rite et de son g\u00e9nie personnel\u2019\u2019.<\/p>\n<p>Le Jury du Prix Mand\u00e9la pour la s\u00e9curit\u00e9 2018 a, dans son proc\u00e8s verbal dat\u00e9 du 28 d\u00e9cembre 2018, indiqu\u00e9 que &#8221;ce prix repr\u00e9sente une mani\u00e8re d\u2019honorer Son Excellence le Pr\u00e9sident de la R\u00e9publique pour sa vision strat\u00e9gique et une cons\u00e9cration de son action au service du continent, une action au demeurant digne d\u2019\u00e9loge&#8221;.<\/p>\n<p>Le communiqu\u00e9 de l\u2019Institut Mand\u00e9la a ajout\u00e9 que \u2018\u2019le jury a accord\u00e9 un int\u00e9r\u00eat particulier \u00e0 la strat\u00e9gie et aux politiques s\u00e9curitaires efficientes ainsi qu&#8217;au bilan positif en mati\u00e8re de lutte contre le terrorisme de son Excellence le Pr\u00e9sident mauritanien Mohamed Ould Abdel Aziz, annon\u00e7ant, de mani\u00e8re exceptionnellement unanime, primer le r\u00f4le de premier plan du Pr\u00e9sident mauritanien au niveau du continent et l\u2019effort consenti dans la s\u00e9curisation de la Mauritanie et de la r\u00e9gion du Sahel\u2019\u2019.<\/p>\n<p>Le prix Mand\u00e9la pour la s\u00e9curit\u00e9 2018 a \u00e9t\u00e9 d\u00e9cern\u00e9 au Pr\u00e9sident mauritanien, Mohamed Ould Abdel Aziz parmi 3457 personnalit\u00e9s internationales port\u00e9es candidates \u00e0 ce prix suite \u00e0 la validation de la proposition par plus de 100 personnalit\u00e9s mondiales.<\/p>\n<p>Le jury est compos\u00e9 de ministres, d\u2019ambassadeurs, d\u2019anciens officiers sup\u00e9rieurs, de personnalit\u00e9s de la soci\u00e9t\u00e9 civile internationale, d&#8217;universitaires, d&#8217;intellectuels et d&#8217;experts de haut rang.<\/p>\n<p>La pr\u00e9sidence d\u2019honneur de l\u2019Institut Mand\u00e9la est occup\u00e9e actuellement par l\u2019ancien ministre fran\u00e7ais Olivier Stirn, ami personnel du leader Nelson Mandela, qui a d\u00e9fi\u00e9 le r\u00e9gime de l\u2019apartheid en effectuant une visite historique au leader de l\u2019ANC (African National Congress) dans sa prison.<\/p>\n<p>L\u2019Institut Mand\u00e9la, dont le si\u00e8ge se trouve dans la capitale fran\u00e7aise, Paris, est li\u00e9 dans le cadre d\u2019un partenariat strat\u00e9gique avec le secr\u00e9tariat d\u2019Etat am\u00e9ricain aux affaires \u00e9trang\u00e8res, \u00e0 l\u2019Assembl\u00e9e nationale fran\u00e7aise, \u00e0 l\u2019Observatoire international du terrorisme et aux associations et instances \u00e9lues en France en plus d\u2019Universit\u00e9s et d\u2019\u00e9coles sup\u00e9rieures aux Etats Unis d\u2019Am\u00e9rique, en Europe et en Afrique ainsi que dans le monde arabe.<\/p>\n<p>Son Excellence le Pr\u00e9sident mauritanien Mohamed Ould Abdel Aziz, est consid\u00e9r\u00e9 comme porteur de l\u2019initiative de la cr\u00e9ation du G 5 Sahel \u00e0 Nouakchott en 2014 avec la participation des dirigeants tchadien, nig\u00e9rien, malien, et du Burkina Faso.<\/p>\n<p>L\u2019approche s\u00e9curitaire du Pr\u00e9sident mauritanien, qui s\u2019approprie la dualit\u00e9 s\u00e9curit\u00e9 \u2013 d\u00e9veloppement est l\u2019objet de louange au plan international. De m\u00eame, la cr\u00e9ation du Groupe dit du G 5 Sahel a \u00e9t\u00e9 bien accueilli au niveau international, au plan africain en France et au sein de l\u2019Union Europ\u00e9enne, des Nations Unies dont la plus haute instance, le Conseil de S\u00e9curit\u00e9 a d\u00e9p\u00each\u00e9 des responsables pour rencontrer le Pr\u00e9sident de la R\u00e9publique, l\u2019\u00e9couter parler se son approche et de sa vision s\u00e9curitaire ainsi que du d\u00e9veloppement de l\u2019espace du Sahel et du Sahara.<\/p>\n<p>Le G 5 Sahel s\u2019est trouv\u00e9 renforc\u00e9 avec la cr\u00e9ation de sa force commune que les dirigeants du monde ont accept\u00e9 et qui a b\u00e9n\u00e9fici\u00e9 d\u2019un important appui international marqu\u00e9 par une pr\u00e9sence arabe forte notamment \u00e0 travers le soutien de l\u2019Arabie Saoudite et de l\u2019Etat des Emirats Arabes Unis.<\/p>\n<p>Afin que l\u2019appui du G5 Sahel se poursuive et permettent l\u2019atteinte de ses objectifs s\u00e9curitaires et de d\u00e9veloppement, Nouakchott a abrit\u00e9 r\u00e9cemment le Forum des partenaires de l\u2019organisation et des donateurs afin de parvenir \u00e0 financer les investissements prioritaires dans la r\u00e9gion du Sahel. Les r\u00e9sultats de cette rencontre ont d\u00e9pass\u00e9 les pr\u00e9visions.<\/p>\n","protected":false},"excerpt":{"rendered":"<p>Le Pr\u00e9sident de la R\u00e9publique, Monsieur Mohamed Ould Abdel Aziz, a \u00e9t\u00e9 choisi entre 3457 personnalit\u00e9s internationales candidates pour se voir d\u00e9cerner le prix Mand\u00e9la 2018 \u2018\u2019en consid\u00e9ration de l\u2019excellence africaine et de sa vision strat\u00e9gique en mati\u00e8r<\/p>\n","protected":false},"author":1,"featured_media":167746,"comment_status":"closed","ping_status":"closed","sticky":false,"template":"","format":"standard","meta":{"footnotes":""},"categories":[],"tags":[62536,63993,63478],"class_list":["post-72900","post","type-post","status-publish","format-standard","has-post-thumbnail","hentry","tag-paris","tag-politique","tag-syde"],"_links":{"self":[{"href":"https:\/\/ami.mr\/fr\/wp-json\/wp\/v2\/posts\/72900","targetHints":{"allow":["GET"]}}],"collection":[{"href":"https:\/\/ami.mr\/fr\/wp-json\/wp\/v2\/posts"}],"about":[{"href":"https:\/\/ami.mr\/fr\/wp-json\/wp\/v2\/types\/post"}],"author":[{"embeddable":true,"href":"https:\/\/ami.mr\/fr\/wp-json\/wp\/v2\/users\/1"}],"replies":[{"embeddable":true,"href":"https:\/\/ami.mr\/fr\/wp-json\/wp\/v2\/comments?post=72900"}],"version-history":[{"count":1,"href":"https:\/\/ami.mr\/fr\/wp-json\/wp\/v2\/posts\/72900\/revisions"}],"predecessor-version":[{"id":167745,"href":"https:\/\/ami.mr\/fr\/wp-json\/wp\/v2\/posts\/72900\/revisions\/167745"}],"wp:featuredmedia":[{"embeddable":true,"href":"https:\/\/ami.mr\/fr\/wp-json\/wp\/v2\/media\/167746"}],"wp:attachment":[{"href":"https:\/\/ami.mr\/fr\/wp-json\/wp\/v2\/media?parent=72900"}],"wp:term":[{"taxonomy":"category","embeddable":true,"href":"https:\/\/ami.mr\/fr\/wp-json\/wp\/v2\/categories?post=72900"},{"taxonomy":"post_tag","embeddable":true,"href":"https:\/\/ami.mr\/fr\/wp-json\/wp\/v2\/tags?post=72900"}],"curies":[{"name":"wp","href":"https:\/\/api.w.org\/{rel}","templated":true}]}}