{"id":72898,"date":"2018-12-31T14:56:01","date_gmt":"2018-12-31T14:56:01","guid":{"rendered":"http:\/\/192.168.64.2\/fr\/index.php\/2018\/12\/31\/le-ministre-de-lenvironnement-decore-des-cadres-du-departement\/"},"modified":"2022-07-04T19:54:05","modified_gmt":"2022-07-04T19:54:05","slug":"le-ministre-de-lenvironnement-decore-des-cadres-du-departement","status":"publish","type":"post","link":"https:\/\/ami.mr\/fr\/archives\/72898","title":{"rendered":"Le ministre de l\u2019environnement d\u00e9core des cadres du d\u00e9partement"},"content":{"rendered":"<p>Le ministre de l\u2019environnement et du d\u00e9veloppement durable, M. Am\u00e9di Camara, a d\u00e9cor\u00e9 lundi matin dans les locaux du minist\u00e8re \u00e0 Nouakchott un groupe de cadres du d\u00e9partement.<\/p>\n<p>Le ministre a d\u00e9cor\u00e9 de la m\u00e9daille de chevalier de l\u2019ordre du m\u00e9rite national M. Mohamed Moktar Ndiaye dit ch\u00e9rif, d\u00e9l\u00e9gu\u00e9 r\u00e9gional du minist\u00e8re au niveau de la wilaya de l\u2019Assaba et de la m\u00e9daille de la reconnaissance nationale chacun des sieurs Sidatt Dah R\u2019hil, conseiller technique au d\u00e9partement ; Sidi Mohamed Abd Lehlou, directeur g\u00e9n\u00e9ral de de l\u2019Agence Nationale de la Grande Muraille Verte ; Aloueimine Sidi, directeur de la pollution et des risques environnementaux et Amadou Moussa Ba, d\u00e9l\u00e9gu\u00e9 r\u00e9gional de l\u2019Adrar.<\/p>\n<p>Le ministre a d\u00e9cor\u00e9 \u00e9galement de la m\u00e9daille d\u2019honneur de premi\u00e8re classe, M. Ahmed Mohamed Nour, chef de service accueil au minist\u00e8re.<\/p>\n<p>La c\u00e9r\u00e9monie de d\u00e9coration, qui s\u2019inscrit dans le cadre des festivit\u00e9s comm\u00e9moratives du 58\u00e8me anniversaire de l\u2019ind\u00e9pendance nationale, s\u2019est d\u00e9roul\u00e9e en pr\u00e9sence du directeur administratif et financier, secr\u00e9taire g\u00e9n\u00e9ral par int\u00e9rim et de plusieurs hauts responsables du d\u00e9partement.<\/p>\n","protected":false},"excerpt":{"rendered":"<p>Le ministre de l\u2019environnement et du d\u00e9veloppement durable, M. Am\u00e9di Camara, a d\u00e9cor\u00e9 lundi matin dans les locaux du minist\u00e8re \u00e0 Nouakchott un groupe de cadres du d\u00e9partement.<\/p>\n<p>Le ministre a d\u00e9cor\u00e9 de la m\u00e9daille de chevalier de l\u2019ordre du m\u00e9rite nation<\/p>\n","protected":false},"author":1,"featured_media":167744,"comment_status":"closed","ping_status":"closed","sticky":false,"template":"","format":"standard","meta":{"footnotes":""},"categories":[],"tags":[63990,62476,62753],"class_list":["post-72898","post","type-post","status-publish","format-standard","has-post-thumbnail","hentry","tag-activites-gouvernementales","tag-nouakchott","tag-rabani"],"_links":{"self":[{"href":"https:\/\/ami.mr\/fr\/wp-json\/wp\/v2\/posts\/72898","targetHints":{"allow":["GET"]}}],"collection":[{"href":"https:\/\/ami.mr\/fr\/wp-json\/wp\/v2\/posts"}],"about":[{"href":"https:\/\/ami.mr\/fr\/wp-json\/wp\/v2\/types\/post"}],"author":[{"embeddable":true,"href":"https:\/\/ami.mr\/fr\/wp-json\/wp\/v2\/users\/1"}],"replies":[{"embeddable":true,"href":"https:\/\/ami.mr\/fr\/wp-json\/wp\/v2\/comments?post=72898"}],"version-history":[{"count":1,"href":"https:\/\/ami.mr\/fr\/wp-json\/wp\/v2\/posts\/72898\/revisions"}],"predecessor-version":[{"id":167743,"href":"https:\/\/ami.mr\/fr\/wp-json\/wp\/v2\/posts\/72898\/revisions\/167743"}],"wp:featuredmedia":[{"embeddable":true,"href":"https:\/\/ami.mr\/fr\/wp-json\/wp\/v2\/media\/167744"}],"wp:attachment":[{"href":"https:\/\/ami.mr\/fr\/wp-json\/wp\/v2\/media?parent=72898"}],"wp:term":[{"taxonomy":"category","embeddable":true,"href":"https:\/\/ami.mr\/fr\/wp-json\/wp\/v2\/categories?post=72898"},{"taxonomy":"post_tag","embeddable":true,"href":"https:\/\/ami.mr\/fr\/wp-json\/wp\/v2\/tags?post=72898"}],"curies":[{"name":"wp","href":"https:\/\/api.w.org\/{rel}","templated":true}]}}