{"id":72896,"date":"2018-12-31T13:03:09","date_gmt":"2018-12-31T13:03:09","guid":{"rendered":"http:\/\/192.168.64.2\/fr\/index.php\/2018\/12\/31\/cloture-des-festivites-de-la-12e-edition-du-festival-de-lunion-des-litteraires-de-mauritanie\/"},"modified":"2022-07-04T19:54:02","modified_gmt":"2022-07-04T19:54:02","slug":"cloture-des-festivites-de-la-12e-edition-du-festival-de-lunion-des-litteraires-de-mauritanie","status":"publish","type":"post","link":"https:\/\/ami.mr\/fr\/archives\/72896","title":{"rendered":"Cl\u00f4ture des festivit\u00e9s de la 12e \u00e9dition du festival de l\u2019Union des litt\u00e9raires de Mauritanie"},"content":{"rendered":"<p>Les travaux de la 12e \u00e9dition du festival annuel de l\u2019Union des litt\u00e9raires de Mauritanie ont pris fin dimanche soir.<\/p>\n<p>Plac\u00e9e sous le th\u00e8me : Culture et litt\u00e9rature, la diplomatie douce, l\u2019\u00e9dition est d\u00e9nomm\u00e9e \u2018\u2019\u00e9dition feu po\u00e8te Kaber Hachim\u2019\u2019 a \u00e9t\u00e9 cl\u00f4tur\u00e9e, dimanche apr\u00e8s-midi, par la remise des prix aux litt\u00e9raires et po\u00e8tes venus des pays arabes et africains et la lecture d\u2019une motion de remerciements adress\u00e9e au Pr\u00e9sident de la R\u00e9publique, Monsieur Mohamed Ould Abdel Aziz, par les participants pour le parrainage de la session et sa parfaite organisation.<\/p>\n<p>La c\u00e9r\u00e9monie a donn\u00e9e lieu \u00e0 la lecture des extraits des po\u00e8mes de l\u2019\u0153uvre des po\u00e8tes mauritaniens, arabes et africains appelant \u00e0 faire de Nouakchott \u2018\u2019capitale de po\u00e9sie\u2019\u2019.<\/p>\n<p>Dans son mot de cl\u00f4ture, le conseiller du ministre de la culture, de l\u2019artisanat et des relations avec le parlement, M. Mohamed Mahmoud Abou El Maali, a indiqu\u00e9 que l\u2019\u00e9dition a donn\u00e9 l\u2019occasion \u00e0 davantage d\u2019\u00e9changes entre les po\u00e8tes mauritaniens et leurs homologues arabes et africains.<\/p>\n<p>Il a ajout\u00e9 : le slogan du festival : Culture et litt\u00e9rature, la diplomatie douce, constitue l\u2019opportunit\u00e9 de prouver que l\u2019art de l\u2019expression, po\u00e9sie ou prose, est capable de v\u00e9hiculer des messages humanitaires exhaustifs \u00e0 m\u00eame de survoler avec les valeurs de la civilisation et de la culture dans les ciels de la tol\u00e9rance et de la concorde et d\u2019effacer tout d\u00e9sagr\u00e9ment qui hypoth\u00e8que la qui\u00e9tude et la tranquillit\u00e9 de l\u2019\u00e2me humaine.<\/p>\n<p>Le conseiller a enfin salu\u00e9 l\u2019attribution du nom d\u2019une figure proue de litt\u00e9rature au festival, feu Kaber Hachem, qui symbolise l\u2019engagement et la fid\u00e9lit\u00e9 au service de la promotion de la litt\u00e9rature mauritanienne.<\/p>\n<p>Pour sa part, le pr\u00e9sident de l\u2019Union des litt\u00e9raires de Mauritanie, Dr. Mohamed Ould Lehdhana, il a remerci\u00e9 les participants pour leur contribution hautement positive au festival, surtout leurs \u0153uvres po\u00e9tiques.<\/p>\n<p>De son c\u00f4t\u00e9, le directeur du festival, M. Ahmed Ould Waled, il a salu\u00e9 l\u2019atmosph\u00e8re qui a caract\u00e9ris\u00e9 le d\u00e9roulement du festival.<\/p>\n<p>La c\u00e9r\u00e9monie de cl\u00f4ture s\u2019est d\u00e9roul\u00e9e en pr\u00e9sence d\u2019un grand nombre de litt\u00e9raires et po\u00e8tes de Mauritanie.<\/p>\n","protected":false},"excerpt":{"rendered":"<p>Les travaux de la 12e \u00e9dition du festival annuel de l\u2019Union des litt\u00e9raires de Mauritanie ont pris fin dimanche soir.<\/p>\n<p>Plac\u00e9e sous le th\u00e8me : Culture et litt\u00e9rature, la diplomati<\/p>\n","protected":false},"author":1,"featured_media":167742,"comment_status":"closed","ping_status":"closed","sticky":false,"template":"","format":"standard","meta":{"footnotes":""},"categories":[104],"tags":[62749,62476],"class_list":["post-72896","post","type-post","status-publish","format-standard","has-post-thumbnail","hentry","category-104","tag-nena","tag-nouakchott"],"_links":{"self":[{"href":"https:\/\/ami.mr\/fr\/wp-json\/wp\/v2\/posts\/72896","targetHints":{"allow":["GET"]}}],"collection":[{"href":"https:\/\/ami.mr\/fr\/wp-json\/wp\/v2\/posts"}],"about":[{"href":"https:\/\/ami.mr\/fr\/wp-json\/wp\/v2\/types\/post"}],"author":[{"embeddable":true,"href":"https:\/\/ami.mr\/fr\/wp-json\/wp\/v2\/users\/1"}],"replies":[{"embeddable":true,"href":"https:\/\/ami.mr\/fr\/wp-json\/wp\/v2\/comments?post=72896"}],"version-history":[{"count":1,"href":"https:\/\/ami.mr\/fr\/wp-json\/wp\/v2\/posts\/72896\/revisions"}],"predecessor-version":[{"id":167741,"href":"https:\/\/ami.mr\/fr\/wp-json\/wp\/v2\/posts\/72896\/revisions\/167741"}],"wp:featuredmedia":[{"embeddable":true,"href":"https:\/\/ami.mr\/fr\/wp-json\/wp\/v2\/media\/167742"}],"wp:attachment":[{"href":"https:\/\/ami.mr\/fr\/wp-json\/wp\/v2\/media?parent=72896"}],"wp:term":[{"taxonomy":"category","embeddable":true,"href":"https:\/\/ami.mr\/fr\/wp-json\/wp\/v2\/categories?post=72896"},{"taxonomy":"post_tag","embeddable":true,"href":"https:\/\/ami.mr\/fr\/wp-json\/wp\/v2\/tags?post=72896"}],"curies":[{"name":"wp","href":"https:\/\/api.w.org\/{rel}","templated":true}]}}