{"id":72892,"date":"2018-12-31T12:46:31","date_gmt":"2018-12-31T12:46:31","guid":{"rendered":"http:\/\/192.168.64.2\/fr\/index.php\/2018\/12\/31\/le-premier-ministre-preside-une-reunion-du-comite-ministeriel-charge-du-rapport-national-volontaire-sur-les-objectifs-du-developpement-durable\/"},"modified":"2022-07-04T19:53:54","modified_gmt":"2022-07-04T19:53:54","slug":"le-premier-ministre-preside-une-reunion-du-comite-ministeriel-charge-du-rapport-national-volontaire-sur-les-objectifs-du-developpement-durable","status":"publish","type":"post","link":"https:\/\/ami.mr\/fr\/archives\/72892","title":{"rendered":"Le Premier ministre pr\u00e9side une r\u00e9union du comit\u00e9 minist\u00e9riel charg\u00e9 du rapport national volontaire sur les objectifs du d\u00e9veloppement durable"},"content":{"rendered":"<p>Le Premier ministre, M. Mohamed Salem Ould B\u00e9chir a pr\u00e9sid\u00e9 lundi matin dans la salle de r\u00e9union de la primature \u00e0 Nouakchott, une r\u00e9union du comit\u00e9 minist\u00e9riel charg\u00e9 du rapport national volontaire sur les objectifs du d\u00e9veloppement durable.<\/p>\n<p>La r\u00e9union doit discuter des diff\u00e9rentes dispositions du rapport, son champ d\u2019application, ses \u00e9tapes et les principales avanc\u00e9es faites dans ce cadre ainsi que les r\u00e9sultats obtenus.<\/p>\n","protected":false},"excerpt":{"rendered":"<p>Le Premier ministre, M. Mohamed Salem Ould B\u00e9chir a pr\u00e9sid\u00e9 lundi matin dans la salle de r\u00e9union de la primature \u00e0 Nouakchott, une r\u00e9union du comit\u00e9 minist\u00e9riel charg\u00e9 du rapport national volontaire sur les objectifs du d\u00e9veloppement durable<\/p>\n","protected":false},"author":1,"featured_media":167738,"comment_status":"closed","ping_status":"closed","sticky":false,"template":"","format":"standard","meta":{"footnotes":""},"categories":[],"tags":[63990,62749,62476,62753],"class_list":["post-72892","post","type-post","status-publish","format-standard","has-post-thumbnail","hentry","tag-activites-gouvernementales","tag-nena","tag-nouakchott","tag-rabani"],"_links":{"self":[{"href":"https:\/\/ami.mr\/fr\/wp-json\/wp\/v2\/posts\/72892","targetHints":{"allow":["GET"]}}],"collection":[{"href":"https:\/\/ami.mr\/fr\/wp-json\/wp\/v2\/posts"}],"about":[{"href":"https:\/\/ami.mr\/fr\/wp-json\/wp\/v2\/types\/post"}],"author":[{"embeddable":true,"href":"https:\/\/ami.mr\/fr\/wp-json\/wp\/v2\/users\/1"}],"replies":[{"embeddable":true,"href":"https:\/\/ami.mr\/fr\/wp-json\/wp\/v2\/comments?post=72892"}],"version-history":[{"count":1,"href":"https:\/\/ami.mr\/fr\/wp-json\/wp\/v2\/posts\/72892\/revisions"}],"predecessor-version":[{"id":167737,"href":"https:\/\/ami.mr\/fr\/wp-json\/wp\/v2\/posts\/72892\/revisions\/167737"}],"wp:featuredmedia":[{"embeddable":true,"href":"https:\/\/ami.mr\/fr\/wp-json\/wp\/v2\/media\/167738"}],"wp:attachment":[{"href":"https:\/\/ami.mr\/fr\/wp-json\/wp\/v2\/media?parent=72892"}],"wp:term":[{"taxonomy":"category","embeddable":true,"href":"https:\/\/ami.mr\/fr\/wp-json\/wp\/v2\/categories?post=72892"},{"taxonomy":"post_tag","embeddable":true,"href":"https:\/\/ami.mr\/fr\/wp-json\/wp\/v2\/tags?post=72892"}],"curies":[{"name":"wp","href":"https:\/\/api.w.org\/{rel}","templated":true}]}}