{"id":72891,"date":"2018-12-30T15:07:23","date_gmt":"2018-12-30T15:07:23","guid":{"rendered":"http:\/\/192.168.64.2\/fr\/index.php\/2018\/12\/30\/demarrage-de-la-8e-edition-du-festival-ain-farba-pour-la-culture-et-les-arts\/"},"modified":"2022-07-04T19:53:54","modified_gmt":"2022-07-04T19:53:54","slug":"demarrage-de-la-8e-edition-du-festival-ain-farba-pour-la-culture-et-les-arts","status":"publish","type":"post","link":"https:\/\/ami.mr\/fr\/archives\/72891","title":{"rendered":"D\u00e9marrage de la 8\u00e8 \u00e9dition du festival A\u00efn Farba pour la culture et les arts"},"content":{"rendered":"<p>La 8e \u00e9dition du festival A\u00efn Farba pour la culture et les arts a d\u00e9but\u00e9, samedi soir, \u00e0 partir de cet arrondissement, dans une atmosph\u00e8re de joie et d\u2019all\u00e9gresse.<\/p>\n<p>Plusieurs concours et comp\u00e9titions dans les domaines de la lecture et la r\u00e9citation du saint Coran, de la po\u00e9sie arabe et folklorique, de la course des chevaux et de l\u2019art culinaire sont au programme de ce festival annuel, de trois jours.<\/p>\n<p>Donnant le coup d\u2019envoi de la manifestation, le secr\u00e9taire g\u00e9n\u00e9ral du minist\u00e8re de la culture, de l\u2019artisanat et des relations avec le parlement, Dr. Ahmed Ould Bah Ould Sid\u2019Ahmed, a soulign\u00e9 que ce festival permettra de faire connaitre et de vulgariser la culture et le patrimoine de la zone et ceux du pays dans son ensemble.<\/p>\n<p>Il a ajout\u00e9 que le festival A\u00efn Farba se tient \u00e0 un moment o\u00f9 le pays vit une renaissance culturelle, \u00e9conomique, politique et social sans pr\u00e9c\u00e9dant lui permettant de se positionner au premier rang dans les conf\u00e9rences et rencontres internationales et r\u00e9gionales.<\/p>\n<p>\u2018\u2019Le d\u00e9partement de la culture appr\u00e9cie hautement les efforts d\u00e9ploy\u00e9s par les organisateurs de ce festival, qui s\u2019int\u00e8gre parfaitement dans les orientations du Pr\u00e9sident de la R\u00e9publique, Monsieur Mohamed Ould Abdel Aziz, visant le d\u00e9veloppement et la promotion de notre h\u00e9ritage culturel\u2019\u2019, a conclu le secr\u00e9taire g\u00e9n\u00e9ral du minist\u00e8re de la culture, de l\u2019artisanat et des relations avec le parlement.<\/p>\n<p>Quant au maire adjoint de la commune d\u2019A\u00efn Farba, M. Mohamed Abdallahi Ould Souvi, il a pr\u00e9cis\u00e9 que le festival offre l\u2019occasion pour l\u2019embrassement des cultures et le d\u00e9veloppement local.<\/p>\n<p>Pour sa part, le directeur du festival, M. Brahim Ould Cheikh Ahmed, a pr\u00e9cis\u00e9 que l\u2019actuelle \u00e9dition se caract\u00e9rise par la mise de l\u2019accent sur le produit local, notant que les mat\u00e9riels utilis\u00e9s et les produits expos\u00e9s sont fabriqu\u00e9s localement dans le but de dynamiser le march\u00e9 local et de motiver la main d\u2019\u0153uvre locale.<\/p>\n<p>La c\u00e9r\u00e9monie d\u2019ouverture du festival s\u2019est d\u00e9roul\u00e9e en pr\u00e9sence du wali mou\u00e7aid du Hodh El Gharbi, du pr\u00e9sident de son conseil r\u00e9gional et du hakem de l\u2019arrondissement d\u2019A\u00efn Farba.<\/p>\n","protected":false},"excerpt":{"rendered":"<p>La 8e \u00e9dition du festival A\u00efn Farba pour la culture et les arts a d\u00e9but\u00e9, samedi soir, \u00e0 partir de cet arrondissement, dans une atmosph\u00e8re de joie et d\u2019all\u00e9gresse.<\/p>\n<p>Plusieurs concours et comp\u00e9titions dans les domaines de la lecture et la r\u00e9citation du s<\/p>\n","protected":false},"author":1,"featured_media":0,"comment_status":"closed","ping_status":"closed","sticky":false,"template":"","format":"standard","meta":{"footnotes":""},"categories":[8672],"tags":[63613,62757],"class_list":["post-72891","post","type-post","status-publish","format-standard","hentry","category-8672","tag-ain-farba-hodh-el-gharb","tag-nomma"],"_links":{"self":[{"href":"https:\/\/ami.mr\/fr\/wp-json\/wp\/v2\/posts\/72891","targetHints":{"allow":["GET"]}}],"collection":[{"href":"https:\/\/ami.mr\/fr\/wp-json\/wp\/v2\/posts"}],"about":[{"href":"https:\/\/ami.mr\/fr\/wp-json\/wp\/v2\/types\/post"}],"author":[{"embeddable":true,"href":"https:\/\/ami.mr\/fr\/wp-json\/wp\/v2\/users\/1"}],"replies":[{"embeddable":true,"href":"https:\/\/ami.mr\/fr\/wp-json\/wp\/v2\/comments?post=72891"}],"version-history":[{"count":1,"href":"https:\/\/ami.mr\/fr\/wp-json\/wp\/v2\/posts\/72891\/revisions"}],"predecessor-version":[{"id":167736,"href":"https:\/\/ami.mr\/fr\/wp-json\/wp\/v2\/posts\/72891\/revisions\/167736"}],"wp:attachment":[{"href":"https:\/\/ami.mr\/fr\/wp-json\/wp\/v2\/media?parent=72891"}],"wp:term":[{"taxonomy":"category","embeddable":true,"href":"https:\/\/ami.mr\/fr\/wp-json\/wp\/v2\/categories?post=72891"},{"taxonomy":"post_tag","embeddable":true,"href":"https:\/\/ami.mr\/fr\/wp-json\/wp\/v2\/tags?post=72891"}],"curies":[{"name":"wp","href":"https:\/\/api.w.org\/{rel}","templated":true}]}}