{"id":72365,"date":"2018-12-05T17:55:58","date_gmt":"2018-12-05T17:55:58","guid":{"rendered":"http:\/\/192.168.64.2\/fr\/index.php\/2018\/12\/05\/le-president-de-la-republique-sentretint-en-tete-a-tete-avec-son-homologue-burkinabe\/"},"modified":"2022-07-04T19:39:10","modified_gmt":"2022-07-04T19:39:10","slug":"le-president-de-la-republique-sentretint-en-tete-a-tete-avec-son-homologue-burkinabe","status":"publish","type":"post","link":"https:\/\/ami.mr\/fr\/archives\/72365","title":{"rendered":"Le Pr\u00e9sident de la R\u00e9publique s\u2019entretint en t\u00eate- \u00e0- t\u00eate avec son homologue burkinab\u00e9"},"content":{"rendered":"<p>Le Pr\u00e9sident de la R\u00e9publique, Monsieur Mohamed Ould Abdel Aziz, s\u2019est entretenu, mercredi apr\u00e8s-midi, au salon d\u2019honneur de l\u2019a\u00e9roport international de Nouakchott, Oumtousnsy, avec son fr\u00e8re et ami, le Pr\u00e9sident burkinab\u00e9, Monsieur Roch Marc Christian Kabor\u00e9.<\/p>\n<p>Les entretiens ont port\u00e9 sur les relations bilat\u00e9rales et les efforts entrepris par les pays du G5 Sahel pour renforcer la s\u00e9curit\u00e9 et la stabilit\u00e9 dans la r\u00e9gion du Sahel.<\/p>\n<p>La rencontre a \u00e9t\u00e9 \u00e9largie par la suite aux membres des deux d\u00e9l\u00e9gations d\u2019accompagnement.<\/p>\n","protected":false},"excerpt":{"rendered":"<p>Le Pr\u00e9sident de la R\u00e9publique, Monsieur Mohamed Ould Abdel Aziz, s\u2019est entretenu, mercredi apr\u00e8s-midi, au salon d\u2019honneur de l\u2019a\u00e9roport international de Nouakchott, Oumtousnsy, avec son fr\u00e8re et ami, le Pr\u00e9sident burkinab\u00e9, Monsieur Roch Marc Christian Ka<\/p>\n","protected":false},"author":1,"featured_media":167211,"comment_status":"closed","ping_status":"closed","sticky":false,"template":"","format":"standard","meta":{"footnotes":""},"categories":[],"tags":[63982,62476,63478],"class_list":["post-72365","post","type-post","status-publish","format-standard","has-post-thumbnail","hentry","tag-g5-sahel","tag-nouakchott","tag-syde"],"_links":{"self":[{"href":"https:\/\/ami.mr\/fr\/wp-json\/wp\/v2\/posts\/72365","targetHints":{"allow":["GET"]}}],"collection":[{"href":"https:\/\/ami.mr\/fr\/wp-json\/wp\/v2\/posts"}],"about":[{"href":"https:\/\/ami.mr\/fr\/wp-json\/wp\/v2\/types\/post"}],"author":[{"embeddable":true,"href":"https:\/\/ami.mr\/fr\/wp-json\/wp\/v2\/users\/1"}],"replies":[{"embeddable":true,"href":"https:\/\/ami.mr\/fr\/wp-json\/wp\/v2\/comments?post=72365"}],"version-history":[{"count":1,"href":"https:\/\/ami.mr\/fr\/wp-json\/wp\/v2\/posts\/72365\/revisions"}],"predecessor-version":[{"id":167210,"href":"https:\/\/ami.mr\/fr\/wp-json\/wp\/v2\/posts\/72365\/revisions\/167210"}],"wp:featuredmedia":[{"embeddable":true,"href":"https:\/\/ami.mr\/fr\/wp-json\/wp\/v2\/media\/167211"}],"wp:attachment":[{"href":"https:\/\/ami.mr\/fr\/wp-json\/wp\/v2\/media?parent=72365"}],"wp:term":[{"taxonomy":"category","embeddable":true,"href":"https:\/\/ami.mr\/fr\/wp-json\/wp\/v2\/categories?post=72365"},{"taxonomy":"post_tag","embeddable":true,"href":"https:\/\/ami.mr\/fr\/wp-json\/wp\/v2\/tags?post=72365"}],"curies":[{"name":"wp","href":"https:\/\/api.w.org\/{rel}","templated":true}]}}