{"id":71507,"date":"2018-10-24T12:18:41","date_gmt":"2018-10-24T12:18:41","guid":{"rendered":"http:\/\/192.168.64.2\/fr\/index.php\/2018\/10\/24\/le-ministre-de-lenvironnement-et-du-developpement-durable-appelle-a-selibabi-a-proteger-les-paturages\/"},"modified":"2022-07-04T19:14:48","modified_gmt":"2022-07-04T19:14:48","slug":"le-ministre-de-lenvironnement-et-du-developpement-durable-appelle-a-selibabi-a-proteger-les-paturages","status":"publish","type":"post","link":"https:\/\/ami.mr\/fr\/archives\/71507","title":{"rendered":"Le ministre de l\u2019environnement et du d\u00e9veloppement durable appelle \u00e0 S\u00e9libabi \u00e0 prot\u00e9ger les p\u00e2turages"},"content":{"rendered":"<p>Le ministre de l\u2019environnement et du d\u00e9veloppement durable, M. Amedi Camara, a appel\u00e9 les populations du<br \/>\nGuidimakha \u00e0 prot\u00e9ger les p\u00e2turages naturels et \u00e0 les pr\u00e9server,insistant  sur la n\u00e9cessit\u00e9 de conjuguer les efforts des services techniques, des autorit\u00e9s administratives, des \u00e9lus, des notables, et de la soci\u00e9t\u00e9 civiles pour parvenir \u00e0 ce noble objectif national.<\/p>\n<p>Le ministre, qui parlait au cours d\u2019une r\u00e9union qu\u2019il a pr\u00e9sid\u00e9e,mardi soir \u00e0 S\u00e9libabi dans les locaux de la wilaya, en pr\u00e9sence du wali du Guidimakha, M. Diallo Oumar, des autorit\u00e9s administratives et municipales et des \u00e9lus, a ajout\u00e9 que les hautes autorit\u00e9s du pays accordent un int\u00e9r\u00eat particulier \u00e0 nos ressources naturelles en g\u00e9n\u00e9ral et aux p\u00e2turages en particulier, ce qui les a pouss\u00e9es \u00e0<br \/>\ndonner des instructions aux services concern\u00e9s pour qu\u2019ils organisent une campagne annuelle d\u2019ouverture de pare feux  pour prot\u00e9ger les p\u00e2turages dans les wilaya de l\u2019int\u00e9rieur du pays.<\/p>\n<p>Il a pr\u00e9cis\u00e9 que cette campagne vise cette ann\u00e9e \u00e0 r\u00e9habiliter plus de 10 000 km lin\u00e9aires de  pare feux et \u00e0 r\u00e9aliser 600 nouveaux km dans les zones riches en p\u00e2turages. L\u2019op\u00e9ration est men\u00e9e, a-t-il dit, par la soci\u00e9t\u00e9 nationale d\u2019am\u00e9nagement agricole et  des travaux (SNAAT).<\/p>\n<p>Il sera aussi proc\u00e9d\u00e9, a dit le ministre, \u00e0 l\u2019entretien de 1060 km de pare feu et \u00e0 l\u2019ouverture de 100 autres dans la seule wilaya du Guidimakha, \u00e9tant donn\u00e9 l\u2019importance des p\u00e2turages dans cette wilaya qui constitue un refuge pour le cheptel en provenance d\u2019autres wilayas<br \/>\ndu pays.<\/p>\n<p>Le ministre a, en outre , parl\u00e9 au cours de la r\u00e9union, de certaines mesures pratiques de nature \u00e0 garantir la r\u00e9ussite de la campagne,comme la sensibilisation sur la n\u00e9cessit\u00e9 de prot\u00e9ger les p\u00e2turages contre les feux de brousse, l\u2019organisation  de tourn\u00e9es de contr\u00f4le,d\u2019\u00e9valuation et de suivi par les services comp\u00e9tents relevant du minist\u00e8re de l\u2019environnement et du d\u00e9veloppement durable et la mise<br \/>\nsur pied de comit\u00e9s villageois pour faciliter les op\u00e9ration de contr\u00f4le et d\u2019intervention  imm\u00e9diate en cas de feux de brousse.<\/p>\n<p>La r\u00e9union a \u00e9t\u00e9 cl\u00f4tur\u00e9e par des interventions de certains citoyens qui ont parl\u00e9 de questions relatives \u00e0 la gestion des ressources naturelles dans la wilaya du Guidimakha, appelant \u00e0 renforcer la surveillance et  \u00e0 mettre un terme aux actes conduisant aux feux de brousse et insistant sur la n\u00e9cessit\u00e9 de prendre des mesures rigoureuses   pour l\u2019application des lois en vigueur dans ce sens.<\/p>\n<p>R\u00e9pondant \u00e0 ces interventions, le ministre a indiqu\u00e9 que ces avis seront pris en consid\u00e9ration par les services comp\u00e9tents, surtout, a-t-il dit, qu\u2019il s\u2019agit d\u2019une question \u00e0 laquelle le Pr\u00e9sident de la R\u00e9publique, Monsieur Mohamed Ould Abdel Aziz accorde un int\u00e9r\u00eat particulier.<\/p>\n<p>Auparavant, le maire de la commune de S\u00e9libabi avait rononc\u00e9 un mot dans lequel il a souhait\u00e9 la bienvenue au ministre et \u00e0 sa d\u00e9l\u00e9gation avant de parler des particularit\u00e9s de sa commune et des d\u00e9fis pos\u00e9s en mati\u00e8re de pr\u00e9servation des p\u00e2turages.<\/p>\n","protected":false},"excerpt":{"rendered":"<p>Le ministre de l\u2019environnement et du d\u00e9veloppement durable, M. Amedi Camara, a appel\u00e9 les populations du<br \/>\nGuidimakha \u00e0 prot\u00e9ger les p\u00e2turages naturels et \u00e0 les pr\u00e9server,insistant  sur la n\u00e9cessit\u00e9 de conjuguer les efforts des services techniques, des aut<\/p>\n","protected":false},"author":1,"featured_media":0,"comment_status":"closed","ping_status":"closed","sticky":false,"template":"","format":"standard","meta":{"footnotes":""},"categories":[],"tags":[63990,62741,62747,62699],"class_list":["post-71507","post","type-post","status-publish","format-standard","hentry","tag-activites-gouvernementales","tag-khweira","tag-s_bechire","tag-selibabi"],"_links":{"self":[{"href":"https:\/\/ami.mr\/fr\/wp-json\/wp\/v2\/posts\/71507","targetHints":{"allow":["GET"]}}],"collection":[{"href":"https:\/\/ami.mr\/fr\/wp-json\/wp\/v2\/posts"}],"about":[{"href":"https:\/\/ami.mr\/fr\/wp-json\/wp\/v2\/types\/post"}],"author":[{"embeddable":true,"href":"https:\/\/ami.mr\/fr\/wp-json\/wp\/v2\/users\/1"}],"replies":[{"embeddable":true,"href":"https:\/\/ami.mr\/fr\/wp-json\/wp\/v2\/comments?post=71507"}],"version-history":[{"count":1,"href":"https:\/\/ami.mr\/fr\/wp-json\/wp\/v2\/posts\/71507\/revisions"}],"predecessor-version":[{"id":166351,"href":"https:\/\/ami.mr\/fr\/wp-json\/wp\/v2\/posts\/71507\/revisions\/166351"}],"wp:attachment":[{"href":"https:\/\/ami.mr\/fr\/wp-json\/wp\/v2\/media?parent=71507"}],"wp:term":[{"taxonomy":"category","embeddable":true,"href":"https:\/\/ami.mr\/fr\/wp-json\/wp\/v2\/categories?post=71507"},{"taxonomy":"post_tag","embeddable":true,"href":"https:\/\/ami.mr\/fr\/wp-json\/wp\/v2\/tags?post=71507"}],"curies":[{"name":"wp","href":"https:\/\/api.w.org\/{rel}","templated":true}]}}