{"id":70583,"date":"2018-09-02T15:38:18","date_gmt":"2018-09-02T15:38:18","guid":{"rendered":"http:\/\/192.168.64.2\/fr\/index.php\/2018\/09\/02\/resultats-preliminaires-des-elections-municipales-bureau-12-commune-oum-lahyadh-aioun\/"},"modified":"2022-07-04T18:49:55","modified_gmt":"2022-07-04T18:49:55","slug":"resultats-preliminaires-des-elections-municipales-bureau-12-commune-oum-lahyadh-aioun","status":"publish","type":"post","link":"https:\/\/ami.mr\/fr\/archives\/70583","title":{"rendered":"R\u00e9sultats pr\u00e9liminaires des \u00e9lections municipales : Bureau 12\/Commune Oum Lahyadh\/Aioun"},"content":{"rendered":"<p>Les op\u00e9rations de d\u00e9pouillement des r\u00e9sultats partiels du 1er tour des \u00e9lections parlementaires, municipales et r\u00e9gionales dont le premier tour s\u2019est d\u00e9roul\u00e9, samedi 1er septembre 2018 sur toute l\u2019\u00e9tendue du territoire national, se poursuivent actuellement au niveau de la Commission Electorale Ind\u00e9pendante Nationale (CENI).<\/p>\n<p>Dans ce cadre, les r\u00e9sultats partiels qui suivent ont \u00e9t\u00e9 rendus public :<\/p>\n<p>Wilaya : Hodh El Gharbi<\/p>\n<p>Listes municipales<\/p>\n<p>Moughataa : Aioun<\/p>\n<p>Commune : Oum Lahyadh<\/p>\n<p>Bureau : Ain Bahah<\/p>\n<p>Num\u00e9ro de bureau : 12<\/p>\n<p>Nbre d\u2019inscrits : 278<\/p>\n<p>Nbre de votants : 166<\/p>\n<p>Bulletins nuls : 20<\/p>\n<p>Suffrages exprim\u00e9s : 146<\/p>\n<p>Bulletins neutres : 2<\/p>\n<p>Taux de participation : 59.71<\/p>\n<p>Liste candidate Nombre de Voix<\/p>\n<p>1. Parti de l\u2019Union Pour la R\u00e9publique (UPR) 56<\/p>\n<p>2. Parti Mauritanien pour l\u2019Union et le Changement (HATEM) 14<\/p>\n<p>3. Union pour la D\u00e9mocratie et le Progr\u00e8s (UDP) 64<\/p>\n<p>4. Parti des Masses Mauritaniennes (PMM) 8<\/p>\n<p>5. Parti El Wiam (El WIAM) 1<\/p>\n<p>6. Parti Ribat D\u00e9mocratique et Social (RIBAT) 1<\/p>\n","protected":false},"excerpt":{"rendered":"<p>Les op\u00e9rations de d\u00e9pouillement des r\u00e9sultats partiels du 1er tour des \u00e9lections parlementaires, municipales et r\u00e9gionales dont le premier tour s\u2019est d\u00e9roul\u00e9, samedi 1er septembre 2018 sur toute l\u2019\u00e9tendue du territoire national, se poursuivent actuellemen<\/p>\n","protected":false},"author":1,"featured_media":0,"comment_status":"closed","ping_status":"closed","sticky":false,"template":"","format":"standard","meta":{"footnotes":""},"categories":[],"tags":[63981,62476,62753],"class_list":["post-70583","post","type-post","status-publish","format-standard","hentry","tag-elections-parlementaires-municipales-et-regionales-2018","tag-nouakchott","tag-rabani"],"_links":{"self":[{"href":"https:\/\/ami.mr\/fr\/wp-json\/wp\/v2\/posts\/70583","targetHints":{"allow":["GET"]}}],"collection":[{"href":"https:\/\/ami.mr\/fr\/wp-json\/wp\/v2\/posts"}],"about":[{"href":"https:\/\/ami.mr\/fr\/wp-json\/wp\/v2\/types\/post"}],"author":[{"embeddable":true,"href":"https:\/\/ami.mr\/fr\/wp-json\/wp\/v2\/users\/1"}],"replies":[{"embeddable":true,"href":"https:\/\/ami.mr\/fr\/wp-json\/wp\/v2\/comments?post=70583"}],"version-history":[{"count":1,"href":"https:\/\/ami.mr\/fr\/wp-json\/wp\/v2\/posts\/70583\/revisions"}],"predecessor-version":[{"id":165427,"href":"https:\/\/ami.mr\/fr\/wp-json\/wp\/v2\/posts\/70583\/revisions\/165427"}],"wp:attachment":[{"href":"https:\/\/ami.mr\/fr\/wp-json\/wp\/v2\/media?parent=70583"}],"wp:term":[{"taxonomy":"category","embeddable":true,"href":"https:\/\/ami.mr\/fr\/wp-json\/wp\/v2\/categories?post=70583"},{"taxonomy":"post_tag","embeddable":true,"href":"https:\/\/ami.mr\/fr\/wp-json\/wp\/v2\/tags?post=70583"}],"curies":[{"name":"wp","href":"https:\/\/api.w.org\/{rel}","templated":true}]}}