{"id":69999,"date":"2018-08-11T10:54:52","date_gmt":"2018-08-11T10:54:52","guid":{"rendered":"http:\/\/192.168.64.2\/fr\/index.php\/2018\/08\/11\/le-president-de-la-republique-sinforme-de-lefficacite-de-la-campagne-globale-de-nettoyage-de-la-wilaya-de-nouakchott-sud\/"},"modified":"2022-07-04T18:34:22","modified_gmt":"2022-07-04T18:34:22","slug":"le-president-de-la-republique-sinforme-de-lefficacite-de-la-campagne-globale-de-nettoyage-de-la-wilaya-de-nouakchott-sud","status":"publish","type":"post","link":"https:\/\/ami.mr\/fr\/archives\/69999","title":{"rendered":"Le Pr\u00e9sident de la R\u00e9publique s\u2019informe de l&#8217;efficacit\u00e9 de la campagne globale de nettoyage de la wilaya de Nouakchott Sud"},"content":{"rendered":"<p>Le Pr\u00e9sident de la R\u00e9publique, M. Mohamed Ould Abdel Aziz, s\u2019est inform\u00e9, samedi matin, dans le quartier de Dar El-Baydha, dans la Moughataa d\u2019El Mina, sur l&#8217;efficacit\u00e9 et l&#8217;efficience de la vaste campagne de nettoyage de la wilaya de Nouakchott sud, organis\u00e9e en  coordination entre la Communaut\u00e9 Urbaine de Nouakchott (CUN) et l&#8217;Union Nationale du Patronat Mauritanien (UNPM).<\/p>\n<p>Apr\u00e8s avoir entendu les explications du wali de Nouakchott Sud, M. Mrabih Rabou Ould Abidine, et du pr\u00e9sident de l&#8217;Union Nationale du Patronat de Mauritanie, M. Zeine El Abidine Ould Cheikh Ahmed, sur les d\u00e9tails de l\u2019op\u00e9ration et les m\u00e9canismes utilis\u00e9s aux fins d\u2019enlever les ordures et d\u2019emp\u00eacher leur accumulation, le Pr\u00e9sident de la R\u00e9publique a visit\u00e9 les lieux pour s\u2019assurer de l\u2019avancement de cette op\u00e9ration.<\/p>\n<p>Le Chef de l&#8217;Etat a donn\u00e9 instructions pour acc\u00e9l\u00e9rer le rythme de r\u00e9alisation de cette op\u00e9ration et pour prendre les mesures propres \u00e0 \u00e9viter l&#8217;accumulation \u00e0 l&#8217;avenir de ces ordures et sensibiliser les citoyens \u00e0 ce sujet.<\/p>\n<p>l&#8217;Union Nationale du Patronat Mauritanien met \u00e0 la disposition de cette op\u00e9ration un certain nombre d&#8217;\u00e9quipements et de camions qui transportent les d\u00e9chets hors de la wilaya afin d&#8217;all\u00e9ger la souffrance des citoyens due \u00e0 l&#8217;accumulation de ces ordures.<\/p>\n<p>A son arriv\u00e9e, le Pr\u00e9sident de la R\u00e9publique a \u00e9t\u00e9 re\u00e7u par les ministres de la Justice, de la Culture, de l&#8217;Artisanat et des Relations avec le Parlement porte- parole du gouvernement, de l&#8217;Environnement et du D\u00e9veloppement Durable, ainsi que par la pr\u00e9sidente de la Communaut\u00e9 urbaine de Nouakchott et les autorit\u00e9s administratives et municipales de la wilaya de Nouakchott sud.<\/p>\n","protected":false},"excerpt":{"rendered":"<p>Le Pr\u00e9sident de la R\u00e9publique, M. Mohamed Ould Abdel Aziz, s\u2019est inform\u00e9, samedi matin, dans le quartier de Dar El-Baydha, dans la Moughataa d\u2019El Mina, sur l&#8217;efficacit\u00e9 et l&#8217;efficience de la vaste campagne de nettoyage de la wilaya de Nouakchott sud, orga<\/p>\n","protected":false},"author":1,"featured_media":164844,"comment_status":"closed","ping_status":"closed","sticky":false,"template":"","format":"standard","meta":{"footnotes":""},"categories":[],"tags":[63991,62947,62985,63437],"class_list":["post-69999","post","type-post","status-publish","format-standard","has-post-thumbnail","hentry","tag-activites-presidentielles","tag-mariemz","tag-nafa","tag-nouakchott-sud"],"_links":{"self":[{"href":"https:\/\/ami.mr\/fr\/wp-json\/wp\/v2\/posts\/69999","targetHints":{"allow":["GET"]}}],"collection":[{"href":"https:\/\/ami.mr\/fr\/wp-json\/wp\/v2\/posts"}],"about":[{"href":"https:\/\/ami.mr\/fr\/wp-json\/wp\/v2\/types\/post"}],"author":[{"embeddable":true,"href":"https:\/\/ami.mr\/fr\/wp-json\/wp\/v2\/users\/1"}],"replies":[{"embeddable":true,"href":"https:\/\/ami.mr\/fr\/wp-json\/wp\/v2\/comments?post=69999"}],"version-history":[{"count":1,"href":"https:\/\/ami.mr\/fr\/wp-json\/wp\/v2\/posts\/69999\/revisions"}],"predecessor-version":[{"id":164843,"href":"https:\/\/ami.mr\/fr\/wp-json\/wp\/v2\/posts\/69999\/revisions\/164843"}],"wp:featuredmedia":[{"embeddable":true,"href":"https:\/\/ami.mr\/fr\/wp-json\/wp\/v2\/media\/164844"}],"wp:attachment":[{"href":"https:\/\/ami.mr\/fr\/wp-json\/wp\/v2\/media?parent=69999"}],"wp:term":[{"taxonomy":"category","embeddable":true,"href":"https:\/\/ami.mr\/fr\/wp-json\/wp\/v2\/categories?post=69999"},{"taxonomy":"post_tag","embeddable":true,"href":"https:\/\/ami.mr\/fr\/wp-json\/wp\/v2\/tags?post=69999"}],"curies":[{"name":"wp","href":"https:\/\/api.w.org\/{rel}","templated":true}]}}