{"id":69990,"date":"2018-08-10T10:12:54","date_gmt":"2018-08-10T10:12:54","guid":{"rendered":"http:\/\/192.168.64.2\/fr\/index.php\/2018\/08\/10\/retour-du-ministre-de-leconomie-et-des-finances-a-nouakchott\/"},"modified":"2022-07-04T18:34:09","modified_gmt":"2022-07-04T18:34:09","slug":"retour-du-ministre-de-leconomie-et-des-finances-a-nouakchott","status":"publish","type":"post","link":"https:\/\/ami.mr\/fr\/archives\/69990","title":{"rendered":"Retour du ministre de l\u2019\u00e9conomie et des finances \u00e0 Nouakchott"},"content":{"rendered":"<p>Le ministre de l\u2019\u00e9conomie et des finances, M. Moctar Ould Diay a regagn\u00e9 Nouakchott, jeudi soir, en provenance de l\u2019Egypte apr\u00e8s avoir particip\u00e9 aux r\u00e9unions des Gouverneurs du Groupe africain de la Banque Mondiale (BM) et du Fonds Mon\u00e9taire International (FMI).<\/p>\n<p>Ces r\u00e9unions, auxquelles ont pris part les responsables des institutions de Bretton woods, les ministres de l\u2019\u00e9conomie et des finances et les gouverneurs des banques centrales des \u00c9tats africains, ont pass\u00e9 en revue les voies et moyens de renforcer le d\u00e9veloppement \u00e9conomique en Afrique, \u00e0 travers l\u2019obtention de financement, l\u2019\u00e9largissement des investissements du secteur priv\u00e9 et le d\u00e9veloppement du partenariat public-priv\u00e9.<\/p>\n<p>En marge de ces r\u00e9unions, le ministre a eu des entretiens avec le 1er vice-pr\u00e9sident de la Banque Mondiale charg\u00e9 de l\u2019Agenda de d\u00e9veloppement et des relations avec les partenaires, M. Mahmoud Mouhidine et la pr\u00e9sidente ex\u00e9cutive de l&#8217;Agence multilat\u00e9rale de garantie des investissements (MIGA), relevant de la Banque Mondiale, Mme Keiko Honda.<\/p>\n<p>Le ministre \u00e9tait accompagn\u00e9, au cours de ce voyage, du directeur de la mobilisation des ressources et de la coordination de l&#8217;aide ext\u00e9rieure au minist\u00e8re de l&#8217;Economie et des Finances, M. Mohamed Salem Ould Nany.<\/p>\n","protected":false},"excerpt":{"rendered":"<p>Le ministre de l\u2019\u00e9conomie et des finances, M. Moctar Ould Diay a regagn\u00e9 Nouakchott, jeudi soir, en provenance de l\u2019Egypte apr\u00e8s avoir particip\u00e9 aux r\u00e9unions des Gouverneurs du Groupe africain de la Banque Mondiale (BM) et du Fonds Mon\u00e9taire International<\/p>\n","protected":false},"author":1,"featured_media":164835,"comment_status":"closed","ping_status":"closed","sticky":false,"template":"","format":"standard","meta":{"footnotes":""},"categories":[],"tags":[63990,62741,62476],"class_list":["post-69990","post","type-post","status-publish","format-standard","has-post-thumbnail","hentry","tag-activites-gouvernementales","tag-khweira","tag-nouakchott"],"_links":{"self":[{"href":"https:\/\/ami.mr\/fr\/wp-json\/wp\/v2\/posts\/69990","targetHints":{"allow":["GET"]}}],"collection":[{"href":"https:\/\/ami.mr\/fr\/wp-json\/wp\/v2\/posts"}],"about":[{"href":"https:\/\/ami.mr\/fr\/wp-json\/wp\/v2\/types\/post"}],"author":[{"embeddable":true,"href":"https:\/\/ami.mr\/fr\/wp-json\/wp\/v2\/users\/1"}],"replies":[{"embeddable":true,"href":"https:\/\/ami.mr\/fr\/wp-json\/wp\/v2\/comments?post=69990"}],"version-history":[{"count":1,"href":"https:\/\/ami.mr\/fr\/wp-json\/wp\/v2\/posts\/69990\/revisions"}],"predecessor-version":[{"id":164834,"href":"https:\/\/ami.mr\/fr\/wp-json\/wp\/v2\/posts\/69990\/revisions\/164834"}],"wp:featuredmedia":[{"embeddable":true,"href":"https:\/\/ami.mr\/fr\/wp-json\/wp\/v2\/media\/164835"}],"wp:attachment":[{"href":"https:\/\/ami.mr\/fr\/wp-json\/wp\/v2\/media?parent=69990"}],"wp:term":[{"taxonomy":"category","embeddable":true,"href":"https:\/\/ami.mr\/fr\/wp-json\/wp\/v2\/categories?post=69990"},{"taxonomy":"post_tag","embeddable":true,"href":"https:\/\/ami.mr\/fr\/wp-json\/wp\/v2\/tags?post=69990"}],"curies":[{"name":"wp","href":"https:\/\/api.w.org\/{rel}","templated":true}]}}