{"id":69877,"date":"2018-08-01T15:42:00","date_gmt":"2018-08-01T15:42:00","guid":{"rendered":"http:\/\/192.168.64.2\/fr\/index.php\/2018\/08\/01\/ouverture-dun-atelier-sur-la-restitution-des-textes-dapplication-du-code-de-travail-mauritanien\/"},"modified":"2022-07-04T18:31:03","modified_gmt":"2022-07-04T18:31:03","slug":"ouverture-dun-atelier-sur-la-restitution-des-textes-dapplication-du-code-de-travail-mauritanien","status":"publish","type":"post","link":"https:\/\/ami.mr\/fr\/archives\/69877","title":{"rendered":"Ouverture d&#8217;un atelier sur la restitution des textes d&#8217;application du code de travail mauritanien"},"content":{"rendered":"<p>La direction du travail au minist\u00e8re de la fonction publique, du travail et de la modernisation de l&#8217;administration a organis\u00e9, mercredi \u00e0 Nouakchott, en collaboration avec le bureau international du travail (BIT), un atelier de restitution des textes d&#8217;application manquants au code eu travail mauritanien.<\/p>\n<p>L&#8217;atelier qui dure un seul jour sera l&#8217;occasion de pr\u00e9senter un expos\u00e9 sur l&#8217;am\u00e9lioration des textes et l&#8217;\u00e9clairage des travailleurs et des employeurs sur la n\u00e9cessit\u00e9 de l&#8217;application de ces textes.<\/p>\n<p>Dans un mot prononc\u00e9 pour la circonstance, le secr\u00e9taire g\u00e9n\u00e9ral du minist\u00e8re de la fonction publique, du travail et de la modernisation de l&#8217;administration, M. Ahmed Ould Mohamed Mahmoud Ould Deih, a indiqu\u00e9 que cet atelier est au coeur des pr\u00e9occupations du Pr\u00e9sident de la R\u00e9publique, Son Excellence Monsieur Mohamed Ould Abdel Aziz visant \u00e0 am\u00e9liorer les conditions de vie des travailleurs et \u00e0 permettre \u00e0 ces derniers de mener \u00e0 bien leurs missions et \u00e0 assurer un climat social sain.<\/p>\n<p>Il a ajout\u00e9 que la seule garantie pour cela est de veiller \u00e0 l&#8217;application des textes r\u00e9gissant les relations de travail, rappelant dans ce cadre le r\u00f4le jou\u00e9 par les inspecteurs et les contr\u00f4leurs de travail pour l&#8217;application des lois.<\/p>\n<p>Il s&#8217;est f\u00e9licit\u00e9 des efforts d\u00e9ploy\u00e9s par le BIT, appelant les participants \u00e0 tirer profit de la rencontre et \u00e0 appliquer sur le terrain les connaissances acquises.<\/p>\n<p>Pour sa part, Dr Halim El Hamzaoui, conseiller pour les pays de l&#8217;Afrique du Nord au sein de l&#8217;Organisation Internationale du Travail a remerci\u00e9 la Mauritanie pour avoir accueilli cet atelier qui traite, a-t-il dit, d&#8217;un sujet important relatif \u00e0 la r\u00e9vision de textes l\u00e9gislatifs garantissant les droits des travailleurs et d\u00e9finissant leurs devoirs professionnels, insistant sur la n\u00e9cessit\u00e9 de clarifier la relation entre travailleurs et patronat.<\/p>\n<p>La c\u00e9r\u00e9monie d&#8217;ouverture de l&#8217;atelier s&#8217;est d\u00e9roul\u00e9e en pr\u00e9sence d&#8217;un certain nombre de cadres du d\u00e9partement de la fonction publique, du travail et de la modernisation de l&#8217;administration.<\/p>\n","protected":false},"excerpt":{"rendered":"<p>La direction du travail au minist\u00e8re de la fonction publique, du travail et de la modernisation de l&#8217;administration a organis\u00e9, mercredi \u00e0 Nouakchott, en collaboration avec le bureau international du travail (BIT), un atelier de restitution des textes d&#8217;a<\/p>\n","protected":false},"author":1,"featured_media":164722,"comment_status":"closed","ping_status":"closed","sticky":false,"template":"","format":"standard","meta":{"footnotes":""},"categories":[],"tags":[62741,62476,63996],"class_list":["post-69877","post","type-post","status-publish","format-standard","has-post-thumbnail","hentry","tag-khweira","tag-nouakchott","tag-societe"],"_links":{"self":[{"href":"https:\/\/ami.mr\/fr\/wp-json\/wp\/v2\/posts\/69877","targetHints":{"allow":["GET"]}}],"collection":[{"href":"https:\/\/ami.mr\/fr\/wp-json\/wp\/v2\/posts"}],"about":[{"href":"https:\/\/ami.mr\/fr\/wp-json\/wp\/v2\/types\/post"}],"author":[{"embeddable":true,"href":"https:\/\/ami.mr\/fr\/wp-json\/wp\/v2\/users\/1"}],"replies":[{"embeddable":true,"href":"https:\/\/ami.mr\/fr\/wp-json\/wp\/v2\/comments?post=69877"}],"version-history":[{"count":1,"href":"https:\/\/ami.mr\/fr\/wp-json\/wp\/v2\/posts\/69877\/revisions"}],"predecessor-version":[{"id":164721,"href":"https:\/\/ami.mr\/fr\/wp-json\/wp\/v2\/posts\/69877\/revisions\/164721"}],"wp:featuredmedia":[{"embeddable":true,"href":"https:\/\/ami.mr\/fr\/wp-json\/wp\/v2\/media\/164722"}],"wp:attachment":[{"href":"https:\/\/ami.mr\/fr\/wp-json\/wp\/v2\/media?parent=69877"}],"wp:term":[{"taxonomy":"category","embeddable":true,"href":"https:\/\/ami.mr\/fr\/wp-json\/wp\/v2\/categories?post=69877"},{"taxonomy":"post_tag","embeddable":true,"href":"https:\/\/ami.mr\/fr\/wp-json\/wp\/v2\/tags?post=69877"}],"curies":[{"name":"wp","href":"https:\/\/api.w.org\/{rel}","templated":true}]}}