{"id":69875,"date":"2018-08-01T13:56:20","date_gmt":"2018-08-01T13:56:20","guid":{"rendered":"http:\/\/192.168.64.2\/fr\/index.php\/2018\/08\/01\/annonce-de-la-creation-dune-nouvelle-institution-de-lutte-contre-la-mendicite\/"},"modified":"2022-07-04T18:30:58","modified_gmt":"2022-07-04T18:30:58","slug":"annonce-de-la-creation-dune-nouvelle-institution-de-lutte-contre-la-mendicite","status":"publish","type":"post","link":"https:\/\/ami.mr\/fr\/archives\/69875","title":{"rendered":"Annonce de la cr\u00e9ation d\u2019une nouvelle institution de lutte contre la mendicit\u00e9"},"content":{"rendered":"<p>Les walis de Nouakchott, MM. Mahi Ould Hamed, Zayed Ledhan Ould Val Oumou et Mrabih Ould Bounena Ould Abidine, ont annonc\u00e9, mardi soir \u00e0 Nouakchott, la cr\u00e9ation d\u2019une institution de bienfaisance charg\u00e9e de traiter le ph\u00e9nom\u00e8ne de la mendicit\u00e9 qui envahit quasiment toutes les rues principales de la capitale.<\/p>\n<p>Lors de cette r\u00e9union tenue dans les locaux de la wilaya de Nouakchott-Ouest, les wali ont indiqu\u00e9 que cette nouvelle institution vise \u00e0 lutter contre ce ph\u00e9nom\u00e8ne \u00e0 travers la mise en \u0153uvre d\u2019une strat\u00e9gie nationale qui tient compte de fa\u00e7on objective de la situation des mendiants dans le cadre de l\u2019\u00e9laboration d\u2019une \u00e9tude globale en vue de d\u00e9terminer leur nombre et d\u2019ex\u00e9cuter des programmes appropri\u00e9s pour en finir avec ce ph\u00e9nom\u00e8ne.<\/p>\n<p>Cette nouvelle institution va tirer profit de l\u2019exp\u00e9rience de toutes les structures pass\u00e9es qui ont eu \u00e0 intervenir dans ce domaine dans le cadre de la lutte contre la mendicit\u00e9.<\/p>\n<p>De son c\u00f4t\u00e9, le secr\u00e9taire g\u00e9n\u00e9ral de cette nouvelle institution de lutte contre la mendicit\u00e9, M. Chighali Ould Mohamed El Moustapha, a pass\u00e9 en revue lors de la r\u00e9union les objectifs vis\u00e9s, soulignant la position de la religion qui juge que la mendicit\u00e9 est un comportement inconvenable<\/p>\n","protected":false},"excerpt":{"rendered":"<p>Les walis de Nouakchott, MM. Mahi Ould Hamed, Zayed Ledhan Ould Val Oumou et Mrabih Ould Bounena Ould Abidine, ont annonc\u00e9, mardi soir \u00e0 Nouakchott, la cr\u00e9ation d\u2019une institution de bienfaisance charg\u00e9e de traiter le ph\u00e9nom\u00e8ne de la mendicit\u00e9 qui envahit<\/p>\n","protected":false},"author":1,"featured_media":164720,"comment_status":"closed","ping_status":"closed","sticky":false,"template":"","format":"standard","meta":{"footnotes":""},"categories":[],"tags":[62741,62476,63996],"class_list":["post-69875","post","type-post","status-publish","format-standard","has-post-thumbnail","hentry","tag-khweira","tag-nouakchott","tag-societe"],"_links":{"self":[{"href":"https:\/\/ami.mr\/fr\/wp-json\/wp\/v2\/posts\/69875","targetHints":{"allow":["GET"]}}],"collection":[{"href":"https:\/\/ami.mr\/fr\/wp-json\/wp\/v2\/posts"}],"about":[{"href":"https:\/\/ami.mr\/fr\/wp-json\/wp\/v2\/types\/post"}],"author":[{"embeddable":true,"href":"https:\/\/ami.mr\/fr\/wp-json\/wp\/v2\/users\/1"}],"replies":[{"embeddable":true,"href":"https:\/\/ami.mr\/fr\/wp-json\/wp\/v2\/comments?post=69875"}],"version-history":[{"count":1,"href":"https:\/\/ami.mr\/fr\/wp-json\/wp\/v2\/posts\/69875\/revisions"}],"predecessor-version":[{"id":164719,"href":"https:\/\/ami.mr\/fr\/wp-json\/wp\/v2\/posts\/69875\/revisions\/164719"}],"wp:featuredmedia":[{"embeddable":true,"href":"https:\/\/ami.mr\/fr\/wp-json\/wp\/v2\/media\/164720"}],"wp:attachment":[{"href":"https:\/\/ami.mr\/fr\/wp-json\/wp\/v2\/media?parent=69875"}],"wp:term":[{"taxonomy":"category","embeddable":true,"href":"https:\/\/ami.mr\/fr\/wp-json\/wp\/v2\/categories?post=69875"},{"taxonomy":"post_tag","embeddable":true,"href":"https:\/\/ami.mr\/fr\/wp-json\/wp\/v2\/tags?post=69875"}],"curies":[{"name":"wp","href":"https:\/\/api.w.org\/{rel}","templated":true}]}}