{"id":69857,"date":"2018-07-31T18:36:00","date_gmt":"2018-07-31T18:36:00","guid":{"rendered":"http:\/\/192.168.64.2\/fr\/index.php\/2018\/07\/31\/le-ministre-de-linterieur-preside-une-reunion-a-mhaijratt\/"},"modified":"2022-07-04T18:30:28","modified_gmt":"2022-07-04T18:30:28","slug":"le-ministre-de-linterieur-preside-une-reunion-a-mhaijratt","status":"publish","type":"post","link":"https:\/\/ami.mr\/fr\/archives\/69857","title":{"rendered":"Le ministre de l\u2019Int\u00e9rieur pr\u00e9side une r\u00e9union \u00e0 M\u2019Ha\u00efjratt"},"content":{"rendered":"<p>Le ministre de l\u2019Int\u00e9rieur, M. Ahmedou Ould Abdallah, a pr\u00e9sid\u00e9, mardi, une r\u00e9union au chef-lieu de l\u2019arrondissement de m&#8217;Ha\u00efjratt, dans laquelle il a indiqu\u00e9 que l\u2019objectif de sa visite est de s\u2019informer des conditions de vie des populations et de se rendre compte des probl\u00e8mes auxquels ils sont confront\u00e9s.<\/p>\n<p>Il a ajout\u00e9 que le but de la cr\u00e9ation des centres et circonscriptions \u00e9lectoraux est de rapprocher les services publics des citoyens conform\u00e9ment aux directives du Pr\u00e9sident de la R\u00e9publique, Monsieur Mohamed Ould Abdel Aziz, visant \u00e0 \u00e9lever le niveau de vie du citoyen mauritanien et \u00e0 profiter des richesses de son pays.<\/p>\n<p>Le ministre a exhort\u00e9 les citoyens \u00e0 pr\u00e9server les acquis r\u00e9alis\u00e9s \u00e0 tous les niveaux en tant que propri\u00e9t\u00e9 du peuple mauritanien, appelant les citoyens \u00e0 contribuer efficacement \u00e0 l\u2019\u0153uvre de construction nationale.<\/p>\n<p>Au cours de cette visite, le ministre \u00e9tait accompagn\u00e9 du wali de l\u2019Inchiri, M. Mohamed Ould Saleck et des autorit\u00e9s administratives et de s\u00e9curit\u00e9 au niveau de la wilaya.<\/p>\n","protected":false},"excerpt":{"rendered":"<p>Le ministre de l\u2019Int\u00e9rieur, M. Ahmedou Ould Abdallah, a pr\u00e9sid\u00e9, mardi, une r\u00e9union au chef-lieu de l\u2019arrondissement de m&#8217;Ha\u00efjratt, dans laquelle il a indiqu\u00e9 que l\u2019objectif de sa visite est de s\u2019informer des conditions de vie des populations et de se ren<\/p>\n","protected":false},"author":1,"featured_media":164702,"comment_status":"closed","ping_status":"closed","sticky":false,"template":"","format":"standard","meta":{"footnotes":""},"categories":[],"tags":[63990,63576,62947],"class_list":["post-69857","post","type-post","status-publish","format-standard","has-post-thumbnail","hentry","tag-activites-gouvernementales","tag-mhaijrat","tag-mariemz"],"_links":{"self":[{"href":"https:\/\/ami.mr\/fr\/wp-json\/wp\/v2\/posts\/69857","targetHints":{"allow":["GET"]}}],"collection":[{"href":"https:\/\/ami.mr\/fr\/wp-json\/wp\/v2\/posts"}],"about":[{"href":"https:\/\/ami.mr\/fr\/wp-json\/wp\/v2\/types\/post"}],"author":[{"embeddable":true,"href":"https:\/\/ami.mr\/fr\/wp-json\/wp\/v2\/users\/1"}],"replies":[{"embeddable":true,"href":"https:\/\/ami.mr\/fr\/wp-json\/wp\/v2\/comments?post=69857"}],"version-history":[{"count":1,"href":"https:\/\/ami.mr\/fr\/wp-json\/wp\/v2\/posts\/69857\/revisions"}],"predecessor-version":[{"id":164701,"href":"https:\/\/ami.mr\/fr\/wp-json\/wp\/v2\/posts\/69857\/revisions\/164701"}],"wp:featuredmedia":[{"embeddable":true,"href":"https:\/\/ami.mr\/fr\/wp-json\/wp\/v2\/media\/164702"}],"wp:attachment":[{"href":"https:\/\/ami.mr\/fr\/wp-json\/wp\/v2\/media?parent=69857"}],"wp:term":[{"taxonomy":"category","embeddable":true,"href":"https:\/\/ami.mr\/fr\/wp-json\/wp\/v2\/categories?post=69857"},{"taxonomy":"post_tag","embeddable":true,"href":"https:\/\/ami.mr\/fr\/wp-json\/wp\/v2\/tags?post=69857"}],"curies":[{"name":"wp","href":"https:\/\/api.w.org\/{rel}","templated":true}]}}