{"id":69855,"date":"2018-07-31T18:29:51","date_gmt":"2018-07-31T18:29:51","guid":{"rendered":"http:\/\/192.168.64.2\/fr\/index.php\/2018\/07\/31\/la-ministre-du-commerce-sentretient-avec-le-chef-de-delegation-de-lue-par-interim\/"},"modified":"2022-07-04T18:30:25","modified_gmt":"2022-07-04T18:30:25","slug":"la-ministre-du-commerce-sentretient-avec-le-chef-de-delegation-de-lue-par-interim","status":"publish","type":"post","link":"https:\/\/ami.mr\/fr\/archives\/69855","title":{"rendered":"La ministre du commerce s\u2019entretient avec le chef de d\u00e9l\u00e9gation de l\u2019UE par int\u00e9rim"},"content":{"rendered":"<p>La ministre du commerce, de l\u2019industrie et du tourisme, Mme Khadijettou M\u2019Bareck Fall s\u2019est entretenue, mardi apr\u00e8s-midi \u00e0 Nouakchott, avec SEM. Adam Janssen, conseiller chef section Politique Presse et Information, Ambassadeur Chef de D\u00e9l\u00e9gation de l\u2019Union Europ\u00e9enne (UE) par int\u00e9rim en MAuritanie.<\/p>\n<p>L\u2019entrevue a port\u00e9 sur les relations de coop\u00e9ration existant entre la Mauritanie et l\u2019UE, en particulier dans le domaine du commerce.<\/p>\n<p>L\u2019audience s\u2019est d\u00e9roul\u00e9e en pr\u00e9sence du directeur des \u00e9tudes, de la programmation et de la coop\u00e9ration au minist\u00e8re du commerce, secr\u00e9taire g\u00e9n\u00e9ral par int\u00e9rim du minist\u00e8re,M. Kissi Dielel, et du directeur du commerce ext\u00e9rieur, M. Mohamed Ould Hitt.<\/p>\n","protected":false},"excerpt":{"rendered":"<p>La ministre du commerce, de l\u2019industrie et du tourisme, Mme Khadijettou M\u2019Bareck Fall s\u2019est entretenue, mardi apr\u00e8s-midi \u00e0 Nouakchott, avec SEM. Adam Janssen, conseiller chef section Politique Presse et Information, Ambassadeur Chef de D\u00e9l\u00e9gation de l\u2019Uni<\/p>\n","protected":false},"author":1,"featured_media":164700,"comment_status":"closed","ping_status":"closed","sticky":false,"template":"","format":"standard","meta":{"footnotes":""},"categories":[],"tags":[63990,62947,62476],"class_list":["post-69855","post","type-post","status-publish","format-standard","has-post-thumbnail","hentry","tag-activites-gouvernementales","tag-mariemz","tag-nouakchott"],"_links":{"self":[{"href":"https:\/\/ami.mr\/fr\/wp-json\/wp\/v2\/posts\/69855","targetHints":{"allow":["GET"]}}],"collection":[{"href":"https:\/\/ami.mr\/fr\/wp-json\/wp\/v2\/posts"}],"about":[{"href":"https:\/\/ami.mr\/fr\/wp-json\/wp\/v2\/types\/post"}],"author":[{"embeddable":true,"href":"https:\/\/ami.mr\/fr\/wp-json\/wp\/v2\/users\/1"}],"replies":[{"embeddable":true,"href":"https:\/\/ami.mr\/fr\/wp-json\/wp\/v2\/comments?post=69855"}],"version-history":[{"count":1,"href":"https:\/\/ami.mr\/fr\/wp-json\/wp\/v2\/posts\/69855\/revisions"}],"predecessor-version":[{"id":164699,"href":"https:\/\/ami.mr\/fr\/wp-json\/wp\/v2\/posts\/69855\/revisions\/164699"}],"wp:featuredmedia":[{"embeddable":true,"href":"https:\/\/ami.mr\/fr\/wp-json\/wp\/v2\/media\/164700"}],"wp:attachment":[{"href":"https:\/\/ami.mr\/fr\/wp-json\/wp\/v2\/media?parent=69855"}],"wp:term":[{"taxonomy":"category","embeddable":true,"href":"https:\/\/ami.mr\/fr\/wp-json\/wp\/v2\/categories?post=69855"},{"taxonomy":"post_tag","embeddable":true,"href":"https:\/\/ami.mr\/fr\/wp-json\/wp\/v2\/tags?post=69855"}],"curies":[{"name":"wp","href":"https:\/\/api.w.org\/{rel}","templated":true}]}}