{"id":69851,"date":"2018-07-31T15:37:00","date_gmt":"2018-07-31T15:37:00","guid":{"rendered":"http:\/\/192.168.64.2\/fr\/index.php\/2018\/07\/31\/atelier-de-validation-du-projet-de-code-de-la-route\/"},"modified":"2022-07-04T18:30:16","modified_gmt":"2022-07-04T18:30:16","slug":"atelier-de-validation-du-projet-de-code-de-la-route","status":"publish","type":"post","link":"https:\/\/ami.mr\/fr\/archives\/69851","title":{"rendered":"Atelier de validation du projet de code de la route"},"content":{"rendered":"<p>Les travaux d\u2019un atelier de validation du projet de code de la route ont d\u00e9but\u00e9 mardi dans les locaux du minist\u00e8re de l\u2019\u00e9quipement et des transports \u00e0 Nouakchott.<\/p>\n<p>L&#8217;atelier vise \u00e0 sensibiliser sur l&#8217;importance du respect du code de la route en particulier la vitesse limite et l&#8217;utilisation de la ceinture de s\u00e9curit\u00e9 ainsi que les modalit\u00e9s et conditions d&#8217;octroi du permis de conduire afin de pr\u00e9server la vie des citoyens et leurs biens.<\/p>\n<p>Lors de l&#8217;ouverture de l&#8217;atelier, le Secr\u00e9taire g\u00e9n\u00e9ral du minist\u00e8re de l&#8217;\u00e9quipement et des transports, Sid\u2019 Ahmed Ould Brahim, a soulign\u00e9 l&#8217;importance de la s\u00e9curit\u00e9 routi\u00e8re pour les autorit\u00e9s publiques, mettant en exergue l\u2019importance de la validation du document de la strat\u00e9gie nationale de s\u00e9curit\u00e9 routi\u00e8re et l&#8217;adoption d&#8217;un conseil national de la s\u00e9curit\u00e9 routi\u00e8re conduit par le Premier ministre en 2013 pour suivre et approuver les directives et les activit\u00e9s n\u00e9cessaires pour relever le niveau de s\u00e9curit\u00e9 des usagers des r\u00e9seaux routiers nationaux.<\/p>\n<p>Il a par la suite ajout\u00e9 que cet atelier s\u2019inscrit dans le cadre des mesures prises pour am\u00e9liorer la s\u00e9curit\u00e9 routi\u00e8re, en particulier la validation et la r\u00e9vision du projet de loi portant code de la route et des amendements propos\u00e9s, qui permettront le d\u00e9veloppement de ces textes et leur ad\u00e9quation avec les dispositions du syst\u00e8me juridique.<\/p>\n<p>De son c\u00f4t\u00e9, le repr\u00e9sentant de l&#8217;Union europ\u00e9enne, M. Christian Beaumont, a exprim\u00e9 la disponibilit\u00e9 de l&#8217;Union \u00e0 soutenir la Mauritanie dans tous les domaines, en particulier dans le secteur des transports.<\/p>\n<p>La c\u00e9r\u00e9monie d\u2019ouverture de l\u2019atelier s\u2019est d\u00e9roul\u00e9e en pr\u00e9sence des secr\u00e9taires g\u00e9n\u00e9raux des minist\u00e8res de la sant\u00e9, de la fonction publique, du travail et de la modernisation de l\u2019administration et de l\u2019\u00e9conomie et des finances.<\/p>\n","protected":false},"excerpt":{"rendered":"<p>Les travaux d\u2019un atelier de validation du projet de code de la route ont d\u00e9but\u00e9 mardi dans les locaux du minist\u00e8re de l\u2019\u00e9quipement et des transports \u00e0 Nouakchott.<\/p>\n<p>L&#8217;atelier vis<\/p>\n","protected":false},"author":1,"featured_media":164696,"comment_status":"closed","ping_status":"closed","sticky":false,"template":"","format":"standard","meta":{"footnotes":""},"categories":[],"tags":[62749,62476,63996],"class_list":["post-69851","post","type-post","status-publish","format-standard","has-post-thumbnail","hentry","tag-nena","tag-nouakchott","tag-societe"],"_links":{"self":[{"href":"https:\/\/ami.mr\/fr\/wp-json\/wp\/v2\/posts\/69851","targetHints":{"allow":["GET"]}}],"collection":[{"href":"https:\/\/ami.mr\/fr\/wp-json\/wp\/v2\/posts"}],"about":[{"href":"https:\/\/ami.mr\/fr\/wp-json\/wp\/v2\/types\/post"}],"author":[{"embeddable":true,"href":"https:\/\/ami.mr\/fr\/wp-json\/wp\/v2\/users\/1"}],"replies":[{"embeddable":true,"href":"https:\/\/ami.mr\/fr\/wp-json\/wp\/v2\/comments?post=69851"}],"version-history":[{"count":1,"href":"https:\/\/ami.mr\/fr\/wp-json\/wp\/v2\/posts\/69851\/revisions"}],"predecessor-version":[{"id":164695,"href":"https:\/\/ami.mr\/fr\/wp-json\/wp\/v2\/posts\/69851\/revisions\/164695"}],"wp:featuredmedia":[{"embeddable":true,"href":"https:\/\/ami.mr\/fr\/wp-json\/wp\/v2\/media\/164696"}],"wp:attachment":[{"href":"https:\/\/ami.mr\/fr\/wp-json\/wp\/v2\/media?parent=69851"}],"wp:term":[{"taxonomy":"category","embeddable":true,"href":"https:\/\/ami.mr\/fr\/wp-json\/wp\/v2\/categories?post=69851"},{"taxonomy":"post_tag","embeddable":true,"href":"https:\/\/ami.mr\/fr\/wp-json\/wp\/v2\/tags?post=69851"}],"curies":[{"name":"wp","href":"https:\/\/api.w.org\/{rel}","templated":true}]}}