{"id":69847,"date":"2018-07-31T14:59:11","date_gmt":"2018-07-31T14:59:11","guid":{"rendered":"http:\/\/192.168.64.2\/fr\/index.php\/2018\/07\/31\/la-ministre-de-lelevage-recoit-lambassadeur-dafrique-du-sud-2\/"},"modified":"2022-07-04T18:30:11","modified_gmt":"2022-07-04T18:30:11","slug":"la-ministre-de-lelevage-recoit-lambassadeur-dafrique-du-sud-2","status":"publish","type":"post","link":"https:\/\/ami.mr\/fr\/archives\/69847","title":{"rendered":"La ministre de l\u2019\u00e9levage re\u00e7oit l\u2019ambassadeur d\u2019Afrique du Sud"},"content":{"rendered":"<p>\u2013 La ministre de l\u2019\u00e9levage, Mme Fatma Vall Mint Soueynae, a re\u00e7u en audience, mardi \u00e0 Nouakchott, SEM. Louis Piennar, ambassadeur d\u2019Afrique du Sud en Mauritanie.<\/p>\n<p>Les entretiens ont port\u00e9 sur les relations de coop\u00e9ration existant entre les deux pays et les moyens permettant de les renforcer davantage, en particulier dans le domaine des ressources animales.<\/p>\n","protected":false},"excerpt":{"rendered":"<p>\u2013 La ministre de l\u2019\u00e9levage, Mme Fatma Vall Mint Soueynae, a re\u00e7u en audience, mardi \u00e0 Nouakchott, SEM. Louis Piennar, ambassadeur d\u2019Afrique du Sud en Mauritanie.<\/p>\n<p>Les entretiens ont port\u00e9 sur les relations de coop\u00e9ration existant entre les deux pays et<\/p>\n","protected":false},"author":1,"featured_media":164692,"comment_status":"closed","ping_status":"closed","sticky":false,"template":"","format":"standard","meta":{"footnotes":""},"categories":[],"tags":[63990,62749,62476],"class_list":["post-69847","post","type-post","status-publish","format-standard","has-post-thumbnail","hentry","tag-activites-gouvernementales","tag-nena","tag-nouakchott"],"_links":{"self":[{"href":"https:\/\/ami.mr\/fr\/wp-json\/wp\/v2\/posts\/69847","targetHints":{"allow":["GET"]}}],"collection":[{"href":"https:\/\/ami.mr\/fr\/wp-json\/wp\/v2\/posts"}],"about":[{"href":"https:\/\/ami.mr\/fr\/wp-json\/wp\/v2\/types\/post"}],"author":[{"embeddable":true,"href":"https:\/\/ami.mr\/fr\/wp-json\/wp\/v2\/users\/1"}],"replies":[{"embeddable":true,"href":"https:\/\/ami.mr\/fr\/wp-json\/wp\/v2\/comments?post=69847"}],"version-history":[{"count":1,"href":"https:\/\/ami.mr\/fr\/wp-json\/wp\/v2\/posts\/69847\/revisions"}],"predecessor-version":[{"id":164691,"href":"https:\/\/ami.mr\/fr\/wp-json\/wp\/v2\/posts\/69847\/revisions\/164691"}],"wp:featuredmedia":[{"embeddable":true,"href":"https:\/\/ami.mr\/fr\/wp-json\/wp\/v2\/media\/164692"}],"wp:attachment":[{"href":"https:\/\/ami.mr\/fr\/wp-json\/wp\/v2\/media?parent=69847"}],"wp:term":[{"taxonomy":"category","embeddable":true,"href":"https:\/\/ami.mr\/fr\/wp-json\/wp\/v2\/categories?post=69847"},{"taxonomy":"post_tag","embeddable":true,"href":"https:\/\/ami.mr\/fr\/wp-json\/wp\/v2\/tags?post=69847"}],"curies":[{"name":"wp","href":"https:\/\/api.w.org\/{rel}","templated":true}]}}