{"id":69845,"date":"2018-07-31T14:56:44","date_gmt":"2018-07-31T14:56:44","guid":{"rendered":"http:\/\/192.168.64.2\/fr\/index.php\/2018\/07\/31\/le-ministre-des-affaires-etrangeres-recoit-lambassadeur-dafrique-du-sud-2\/"},"modified":"2022-07-04T18:30:07","modified_gmt":"2022-07-04T18:30:07","slug":"le-ministre-des-affaires-etrangeres-recoit-lambassadeur-dafrique-du-sud-2","status":"publish","type":"post","link":"https:\/\/ami.mr\/fr\/archives\/69845","title":{"rendered":"Le ministre des affaires \u00e9trang\u00e8res re\u00e7oit l\u2019ambassadeur d\u2019Afrique du Sud"},"content":{"rendered":"<p>Le ministre des affaires \u00e9trang\u00e8res et de la coop\u00e9ration, M. Smail Ould Cheikh Ahmed, s\u2019est entretenu, mardi \u00e0 Nouakchott, avec SEM. Louis Piennar, ambassadeur d\u2019Afrique du Sud en Mauritanie.<\/p>\n<p>L\u2019entretien, qui s\u2019est d\u00e9roul\u00e9 en pr\u00e9sence de l\u2019ambassadeur directeur des affaires africaines au minist\u00e8re des affaires \u00e9trang\u00e8res et de la coop\u00e9ration, M. Hanchi Mohamed El Kettab, a port\u00e9 sur les questions d\u2019int\u00e9r\u00eat commun.<\/p>\n","protected":false},"excerpt":{"rendered":"<p>Le ministre des affaires \u00e9trang\u00e8res et de la coop\u00e9ration, M. Smail Ould Cheikh Ahmed, s\u2019est entretenu, mardi \u00e0 Nouakchott, avec SEM. Louis Piennar, ambassadeur d\u2019Afrique du Sud en Mauritanie<\/p>\n","protected":false},"author":1,"featured_media":164690,"comment_status":"closed","ping_status":"closed","sticky":false,"template":"","format":"standard","meta":{"footnotes":""},"categories":[],"tags":[63990,62749,62476],"class_list":["post-69845","post","type-post","status-publish","format-standard","has-post-thumbnail","hentry","tag-activites-gouvernementales","tag-nena","tag-nouakchott"],"_links":{"self":[{"href":"https:\/\/ami.mr\/fr\/wp-json\/wp\/v2\/posts\/69845","targetHints":{"allow":["GET"]}}],"collection":[{"href":"https:\/\/ami.mr\/fr\/wp-json\/wp\/v2\/posts"}],"about":[{"href":"https:\/\/ami.mr\/fr\/wp-json\/wp\/v2\/types\/post"}],"author":[{"embeddable":true,"href":"https:\/\/ami.mr\/fr\/wp-json\/wp\/v2\/users\/1"}],"replies":[{"embeddable":true,"href":"https:\/\/ami.mr\/fr\/wp-json\/wp\/v2\/comments?post=69845"}],"version-history":[{"count":1,"href":"https:\/\/ami.mr\/fr\/wp-json\/wp\/v2\/posts\/69845\/revisions"}],"predecessor-version":[{"id":164689,"href":"https:\/\/ami.mr\/fr\/wp-json\/wp\/v2\/posts\/69845\/revisions\/164689"}],"wp:featuredmedia":[{"embeddable":true,"href":"https:\/\/ami.mr\/fr\/wp-json\/wp\/v2\/media\/164690"}],"wp:attachment":[{"href":"https:\/\/ami.mr\/fr\/wp-json\/wp\/v2\/media?parent=69845"}],"wp:term":[{"taxonomy":"category","embeddable":true,"href":"https:\/\/ami.mr\/fr\/wp-json\/wp\/v2\/categories?post=69845"},{"taxonomy":"post_tag","embeddable":true,"href":"https:\/\/ami.mr\/fr\/wp-json\/wp\/v2\/tags?post=69845"}],"curies":[{"name":"wp","href":"https:\/\/api.w.org\/{rel}","templated":true}]}}