{"id":69843,"date":"2018-07-31T14:54:05","date_gmt":"2018-07-31T14:54:05","guid":{"rendered":"http:\/\/192.168.64.2\/fr\/index.php\/2018\/07\/31\/le-ministre-de-la-culture-recoit-lambassadeur-du-yemen\/"},"modified":"2022-07-04T18:30:04","modified_gmt":"2022-07-04T18:30:04","slug":"le-ministre-de-la-culture-recoit-lambassadeur-du-yemen","status":"publish","type":"post","link":"https:\/\/ami.mr\/fr\/archives\/69843","title":{"rendered":"Le ministre de la Culture re\u00e7oit l\u2019ambassadeur du Y\u00e9men"},"content":{"rendered":"<p>Le ministre de la Culture, l\u2019Artisanat et des Relations avec le Parlement, Porte-parole du Gouvernement, Dr Mohamed Lemine Ould Cheikh, s\u2019est entretenu, mardi matin \u00e0 Nouakchott, avec SEM. Salem Saleh El Arada, ambassadeur du Y\u00e9men en Mauritanie.<\/p>\n<p>L\u2019entretien qui s\u2019est d\u00e9roul\u00e9 en pr\u00e9sence du conseiller du ministre charg\u00e9 de la communication, M. Mohamed Ould Khayar, a port\u00e9 sur les relations de coop\u00e9ration existant entre les deux pays et les moyens de les renforcer davantage.<\/p>\n","protected":false},"excerpt":{"rendered":"<p>Le ministre de la Culture, l\u2019Artisanat et des Relations avec le Parlement, Porte-parole du Gouvernement, Dr Mohamed Lemine Ould Cheikh, s\u2019est entretenu, mardi matin \u00e0 Nouakchott, avec SEM<\/p>\n","protected":false},"author":1,"featured_media":164688,"comment_status":"closed","ping_status":"closed","sticky":false,"template":"","format":"standard","meta":{"footnotes":""},"categories":[],"tags":[63990,62749,62476],"class_list":["post-69843","post","type-post","status-publish","format-standard","has-post-thumbnail","hentry","tag-activites-gouvernementales","tag-nena","tag-nouakchott"],"_links":{"self":[{"href":"https:\/\/ami.mr\/fr\/wp-json\/wp\/v2\/posts\/69843","targetHints":{"allow":["GET"]}}],"collection":[{"href":"https:\/\/ami.mr\/fr\/wp-json\/wp\/v2\/posts"}],"about":[{"href":"https:\/\/ami.mr\/fr\/wp-json\/wp\/v2\/types\/post"}],"author":[{"embeddable":true,"href":"https:\/\/ami.mr\/fr\/wp-json\/wp\/v2\/users\/1"}],"replies":[{"embeddable":true,"href":"https:\/\/ami.mr\/fr\/wp-json\/wp\/v2\/comments?post=69843"}],"version-history":[{"count":1,"href":"https:\/\/ami.mr\/fr\/wp-json\/wp\/v2\/posts\/69843\/revisions"}],"predecessor-version":[{"id":164687,"href":"https:\/\/ami.mr\/fr\/wp-json\/wp\/v2\/posts\/69843\/revisions\/164687"}],"wp:featuredmedia":[{"embeddable":true,"href":"https:\/\/ami.mr\/fr\/wp-json\/wp\/v2\/media\/164688"}],"wp:attachment":[{"href":"https:\/\/ami.mr\/fr\/wp-json\/wp\/v2\/media?parent=69843"}],"wp:term":[{"taxonomy":"category","embeddable":true,"href":"https:\/\/ami.mr\/fr\/wp-json\/wp\/v2\/categories?post=69843"},{"taxonomy":"post_tag","embeddable":true,"href":"https:\/\/ami.mr\/fr\/wp-json\/wp\/v2\/tags?post=69843"}],"curies":[{"name":"wp","href":"https:\/\/api.w.org\/{rel}","templated":true}]}}