{"id":69841,"date":"2018-07-31T11:47:41","date_gmt":"2018-07-31T11:47:41","guid":{"rendered":"http:\/\/192.168.64.2\/fr\/index.php\/2018\/07\/31\/la-ministre-du-commerce-sentretient-avec-lambassadeur-americain-2\/"},"modified":"2022-07-04T18:30:01","modified_gmt":"2022-07-04T18:30:01","slug":"la-ministre-du-commerce-sentretient-avec-lambassadeur-americain-2","status":"publish","type":"post","link":"https:\/\/ami.mr\/fr\/archives\/69841","title":{"rendered":"La ministre du commerce s\u2019entretient avec l\u2019ambassadeur am\u00e9ricain"},"content":{"rendered":"<p>La ministre du Commerce, de l\u2019industrie et du Tourisme, Mme Khadijetou Mbareck Fall, s\u2019est entretenue, mardi matin \u00e0 son bureau \u00e0 Nouakchott, avec SEM. Michael Dodman, ambassadeur des \u00c9tats-Unis d\u2019Am\u00e9rique accr\u00e9dit\u00e9 aupr\u00e8s de la Mauritanie.<\/p>\n<p>La rencontre a abord\u00e9 les relations de coop\u00e9ration existant entre les deux pays et les voies et moyens de les d\u00e9velopper davantage.<\/p>\n<p>L\u2019audience s\u2019est d\u00e9roul\u00e9e en pr\u00e9sence du directeur des \u00e9tudes, de la programmation et de la coop\u00e9ration, M. Guisset Dialel, secr\u00e9taire g\u00e9n\u00e9ral par int\u00e9rim du minist\u00e8re du commerce, de l\u2019industrie et du tourisme et du directeur du commerce ext\u00e9rieur M. Mohamed Ould Hitt.<\/p>\n","protected":false},"excerpt":{"rendered":"<p>La ministre du Commerce, de l\u2019industrie et du Tourisme, Mme Khadijetou Mbareck Fall, s\u2019est entretenue, mardi matin \u00e0 son bureau \u00e0 Nouakchott, avec SEM. Michael Dodman, ambassadeur des \u00c9tats-Unis d\u2019Am\u00e9rique accr\u00e9dit\u00e9 aupr\u00e8s de la Mauritanie<\/p>\n","protected":false},"author":1,"featured_media":164686,"comment_status":"closed","ping_status":"closed","sticky":false,"template":"","format":"standard","meta":{"footnotes":""},"categories":[],"tags":[63990,62749,62476],"class_list":["post-69841","post","type-post","status-publish","format-standard","has-post-thumbnail","hentry","tag-activites-gouvernementales","tag-nena","tag-nouakchott"],"_links":{"self":[{"href":"https:\/\/ami.mr\/fr\/wp-json\/wp\/v2\/posts\/69841","targetHints":{"allow":["GET"]}}],"collection":[{"href":"https:\/\/ami.mr\/fr\/wp-json\/wp\/v2\/posts"}],"about":[{"href":"https:\/\/ami.mr\/fr\/wp-json\/wp\/v2\/types\/post"}],"author":[{"embeddable":true,"href":"https:\/\/ami.mr\/fr\/wp-json\/wp\/v2\/users\/1"}],"replies":[{"embeddable":true,"href":"https:\/\/ami.mr\/fr\/wp-json\/wp\/v2\/comments?post=69841"}],"version-history":[{"count":1,"href":"https:\/\/ami.mr\/fr\/wp-json\/wp\/v2\/posts\/69841\/revisions"}],"predecessor-version":[{"id":164685,"href":"https:\/\/ami.mr\/fr\/wp-json\/wp\/v2\/posts\/69841\/revisions\/164685"}],"wp:featuredmedia":[{"embeddable":true,"href":"https:\/\/ami.mr\/fr\/wp-json\/wp\/v2\/media\/164686"}],"wp:attachment":[{"href":"https:\/\/ami.mr\/fr\/wp-json\/wp\/v2\/media?parent=69841"}],"wp:term":[{"taxonomy":"category","embeddable":true,"href":"https:\/\/ami.mr\/fr\/wp-json\/wp\/v2\/categories?post=69841"},{"taxonomy":"post_tag","embeddable":true,"href":"https:\/\/ami.mr\/fr\/wp-json\/wp\/v2\/tags?post=69841"}],"curies":[{"name":"wp","href":"https:\/\/api.w.org\/{rel}","templated":true}]}}