{"id":69839,"date":"2018-07-31T11:45:07","date_gmt":"2018-07-31T11:45:07","guid":{"rendered":"http:\/\/192.168.64.2\/fr\/index.php\/2018\/07\/31\/lambassadeur-du-maroc-felicite-la-mauritanie-pour-leclatante-reussite-du-31eme-sommet-de-lunion-africaine\/"},"modified":"2022-07-04T18:29:57","modified_gmt":"2022-07-04T18:29:57","slug":"lambassadeur-du-maroc-felicite-la-mauritanie-pour-leclatante-reussite-du-31eme-sommet-de-lunion-africaine","status":"publish","type":"post","link":"https:\/\/ami.mr\/fr\/archives\/69839","title":{"rendered":"L\u2019ambassadeur du Maroc f\u00e9licite la Mauritanie pour l\u2019\u00e9clatante r\u00e9ussite du 31\u00e8me sommet de l\u2019Union Africaine"},"content":{"rendered":"<p>L\u2019ambassadeur du Royaume du Maroc en Mauritanie, SEM. Hamid Chabar, a soulign\u00e9, lundi \u00e0 Nouakchott, la solidit\u00e9 des liens unissant la R\u00e9publique Islamique de Mauritanie et le Royaume du Maroc, indiquant que celles-ci puisent leur fondement et leur force dans un socle commun, que viennent immuniser et consolider la densit\u00e9 des liens sociaux, humains, ethniques, culturels et spirituels entre les deux pays.<\/p>\n<p>SEM. Hamid Chabar, qui s\u2019exprimait, lors d\u2019une r\u00e9ception \u00e0 l\u2019ambassade du Maroc \u00e0 Nouakchott, \u00e0 l\u2019occasion du 19\u00e8me anniversaire de l\u2019intronisation de Sa Majest\u00e9 le Roi Mohamed VI, a f\u00e9licit\u00e9 le Pr\u00e9sident de la R\u00e9publique, Monsieur Mohamed Ould Abdel Aziz, son Gouvernement et toutes les composantes du peuple mauritanien pour l\u2019\u00e9clatante r\u00e9ussite du 31\u00e8me sommet de l\u2019Union Africaine organis\u00e9 d\u00e9but juillet 2018 \u00e0 Nouakchott.<\/p>\n<p>Il a ajout\u00e9 que ce sommet est une concr\u00e9tisation indiscutable de la place de choix qui est, d\u00e9sormais, celle de la Mauritanie aussi bien sur l\u2019\u00e9chiquier continental qu\u2019international.<\/p>\n<p>Au sujet des liens \u00e9conomiques entre les deux pays fr\u00e8res, l\u2019ambassadeur a pr\u00e9cis\u00e9 que les relations \u00e9troites qu\u2019entretiennent les deux pays font du Maroc le premier partenaire commercial africain de la Mauritanie et le premier investisseur du continent dans ce pays fr\u00e8re.<\/p>\n<p>&#8220;Ce bilan positif et prometteur est appel\u00e9, incontestablement, \u00e0 se renforcer davantage gr\u00e2ce \u00e0 l\u2019implication et \u00e0 la sollicitude personnelle de sa Majest\u00e9 le Roi Mohamed VI et son fr\u00e8re, Son Excellence Mohamed Ould Abdel Aziz, Pr\u00e9sident de la R\u00e9publique Islamique de Mauritanie\u2019\u2019, a conclu l\u2019ambassadeur.<\/p>\n<p>La r\u00e9ception s\u2019est d\u00e9roul\u00e9e en pr\u00e9sence du ministre des affaires \u00e9trang\u00e8res et de la coop\u00e9ration, M. Ismael Ould Cheikh Ahmed, du secr\u00e9taire g\u00e9n\u00e9ral du minist\u00e8re et du directeur du Maghreb Arabe et d\u2019autres personnalit\u00e9s.<\/p>\n","protected":false},"excerpt":{"rendered":"<p>L\u2019ambassadeur du Royaume du Maroc en Mauritanie, SEM. Hamid Chabar, a soulign\u00e9, lundi \u00e0 Nouakchott, la solidit\u00e9 des liens unissant la R\u00e9publique Islamique de Mauritanie et le Royaume du Maroc, indiquant que celles-ci puisent leur fondement et leur force<\/p>\n","protected":false},"author":1,"featured_media":164684,"comment_status":"closed","ping_status":"closed","sticky":false,"template":"","format":"standard","meta":{"footnotes":""},"categories":[],"tags":[62749,62476,63993],"class_list":["post-69839","post","type-post","status-publish","format-standard","has-post-thumbnail","hentry","tag-nena","tag-nouakchott","tag-politique"],"_links":{"self":[{"href":"https:\/\/ami.mr\/fr\/wp-json\/wp\/v2\/posts\/69839","targetHints":{"allow":["GET"]}}],"collection":[{"href":"https:\/\/ami.mr\/fr\/wp-json\/wp\/v2\/posts"}],"about":[{"href":"https:\/\/ami.mr\/fr\/wp-json\/wp\/v2\/types\/post"}],"author":[{"embeddable":true,"href":"https:\/\/ami.mr\/fr\/wp-json\/wp\/v2\/users\/1"}],"replies":[{"embeddable":true,"href":"https:\/\/ami.mr\/fr\/wp-json\/wp\/v2\/comments?post=69839"}],"version-history":[{"count":1,"href":"https:\/\/ami.mr\/fr\/wp-json\/wp\/v2\/posts\/69839\/revisions"}],"predecessor-version":[{"id":164683,"href":"https:\/\/ami.mr\/fr\/wp-json\/wp\/v2\/posts\/69839\/revisions\/164683"}],"wp:featuredmedia":[{"embeddable":true,"href":"https:\/\/ami.mr\/fr\/wp-json\/wp\/v2\/media\/164684"}],"wp:attachment":[{"href":"https:\/\/ami.mr\/fr\/wp-json\/wp\/v2\/media?parent=69839"}],"wp:term":[{"taxonomy":"category","embeddable":true,"href":"https:\/\/ami.mr\/fr\/wp-json\/wp\/v2\/categories?post=69839"},{"taxonomy":"post_tag","embeddable":true,"href":"https:\/\/ami.mr\/fr\/wp-json\/wp\/v2\/tags?post=69839"}],"curies":[{"name":"wp","href":"https:\/\/api.w.org\/{rel}","templated":true}]}}