{"id":69838,"date":"2018-07-31T11:27:43","date_gmt":"2018-07-31T11:27:43","guid":{"rendered":"http:\/\/192.168.64.2\/fr\/index.php\/2018\/07\/31\/reunion-de-sensibilisation-a-aleg-autour-de-la-participation-des-jeunes-au-niveau-des-differentes-circonscriptions-electorales\/"},"modified":"2022-07-04T18:29:57","modified_gmt":"2022-07-04T18:29:57","slug":"reunion-de-sensibilisation-a-aleg-autour-de-la-participation-des-jeunes-au-niveau-des-differentes-circonscriptions-electorales","status":"publish","type":"post","link":"https:\/\/ami.mr\/fr\/archives\/69838","title":{"rendered":"R\u00e9union de sensibilisation \u00e0 Aleg autour de la participation des jeunes au niveau des diff\u00e9rentes circonscriptions \u00e9lectorales"},"content":{"rendered":"<p>La Maison des jeunes de la ville d\u2019Aleg a abrit\u00e9, lundi soir, une r\u00e9union de sensibilisation autour de la participation de la jeunesse au niveau des diverses circonscriptions \u00e9lectorales et ceci dans le cadre de la campagne qu\u2019organise le Haut Conseil de la Jeunesse (HCJ) dans les diff\u00e9rentes wilayas du pays sous le th\u00e8me : &#8220;la participation politique des jeunes&#8221;.<\/p>\n<p>A cette occasion, le wali du Brakna, M. Abderrahmane Ould Mahfoudh Ould Khattri, a soulign\u00e9 l\u2019importance du r\u00f4le que joue le HCJ en faveur des jeunes \u00e0 travers les activit\u00e9s et les programmes qu\u2019il entreprend.<\/p>\n<p>Il a ajout\u00e9 que l\u2019objectif de cette campagne est la participation politique des jeunes aussi bien \u00e0 travers les candidatures ou les contributions aux programmes \u00e9lectoraux et \u00e0 leur mise en \u0153uvre.<\/p>\n<p>Pour sa part, le pr\u00e9sident de la commission de la bonne gouvernance au niveau du HCJ, M. Baha\u00efda Ould Khattri, a indiqu\u00e9 que cette campagne de sensibilisation vise \u00e0 renforcer la participation politique des jeunes qui repr\u00e9sentent plus de 66% de la population du pays.<\/p>\n<p>Il a pr\u00e9cis\u00e9 que ces donn\u00e9es rendent n\u00e9cessaire la participation de toute la jeunesse au niveau de tous les domaines du d\u00e9veloppement, en particulier en ces circonstances politiques particuli\u00e8res, rappelant la place dont elle a b\u00e9n\u00e9fici\u00e9 durant les derni\u00e8res ann\u00e9es du fait de la grande attention que lui accorde le Pr\u00e9sident de la R\u00e9publique, Monsieur Mohamed Ould Abdel Aziz.<\/p>\n<p>Il a pr\u00e9cis\u00e9 que cette campagne constitue \u00e9galement une opportunit\u00e9 de rencontre avec les jeunes des diff\u00e9rentes wilayas afin de s\u2019informer sur les probl\u00e8mes pos\u00e9s et leur transmission aux services concern\u00e9s en vue de leur trouver des solutions appropri\u00e9es.<\/p>\n<p>L\u2019auditoire a pu suivre un expos\u00e9 d\u00e9taill\u00e9 sur la cr\u00e9ation du HCJ, sur son r\u00f4le et sur le bilan de son action, en plus de la participation politique des jeunes et des propositions avanc\u00e9es par les intervenants.<\/p>\n<p>La c\u00e9r\u00e9monie d\u2019ouverture de la r\u00e9union s\u2019est d\u00e9roul\u00e9e en pr\u00e9sence du hakem de la moughataa d\u2019Aleg, des autorit\u00e9s administratives et s\u00e9curitaires de la wilaya et de membres du bureau ex\u00e9cutif des jeunes.<\/p>\n","protected":false},"excerpt":{"rendered":"<p>La Maison des jeunes de la ville d\u2019Aleg a abrit\u00e9, lundi soir, une r\u00e9union de sensibilisation autour de la participation de la jeunesse au niveau des diverses circonscriptions \u00e9lectorales et ceci dans le cadre de la campagne qu\u2019organise le Haut Conseil de<\/p>\n","protected":false},"author":1,"featured_media":0,"comment_status":"closed","ping_status":"closed","sticky":false,"template":"","format":"standard","meta":{"footnotes":""},"categories":[104],"tags":[62481,62749],"class_list":["post-69838","post","type-post","status-publish","format-standard","hentry","category-104","tag-aleg","tag-nena"],"_links":{"self":[{"href":"https:\/\/ami.mr\/fr\/wp-json\/wp\/v2\/posts\/69838","targetHints":{"allow":["GET"]}}],"collection":[{"href":"https:\/\/ami.mr\/fr\/wp-json\/wp\/v2\/posts"}],"about":[{"href":"https:\/\/ami.mr\/fr\/wp-json\/wp\/v2\/types\/post"}],"author":[{"embeddable":true,"href":"https:\/\/ami.mr\/fr\/wp-json\/wp\/v2\/users\/1"}],"replies":[{"embeddable":true,"href":"https:\/\/ami.mr\/fr\/wp-json\/wp\/v2\/comments?post=69838"}],"version-history":[{"count":1,"href":"https:\/\/ami.mr\/fr\/wp-json\/wp\/v2\/posts\/69838\/revisions"}],"predecessor-version":[{"id":164682,"href":"https:\/\/ami.mr\/fr\/wp-json\/wp\/v2\/posts\/69838\/revisions\/164682"}],"wp:attachment":[{"href":"https:\/\/ami.mr\/fr\/wp-json\/wp\/v2\/media?parent=69838"}],"wp:term":[{"taxonomy":"category","embeddable":true,"href":"https:\/\/ami.mr\/fr\/wp-json\/wp\/v2\/categories?post=69838"},{"taxonomy":"post_tag","embeddable":true,"href":"https:\/\/ami.mr\/fr\/wp-json\/wp\/v2\/tags?post=69838"}],"curies":[{"name":"wp","href":"https:\/\/api.w.org\/{rel}","templated":true}]}}