{"id":69836,"date":"2018-07-31T10:53:16","date_gmt":"2018-07-31T10:53:16","guid":{"rendered":"http:\/\/192.168.64.2\/fr\/index.php\/2018\/07\/31\/le-president-de-la-republique-adresse-un-message-de-felicitations-au-president-de-la-confederation-suisse-2\/"},"modified":"2022-07-04T18:29:54","modified_gmt":"2022-07-04T18:29:54","slug":"le-president-de-la-republique-adresse-un-message-de-felicitations-au-president-de-la-confederation-suisse-2","status":"publish","type":"post","link":"https:\/\/ami.mr\/fr\/archives\/69836","title":{"rendered":"Le Pr\u00e9sident de la R\u00e9publique adresse un message de f\u00e9licitations au Pr\u00e9sident de la Conf\u00e9d\u00e9ration Suisse"},"content":{"rendered":"<p>Le Pr\u00e9sident de la R\u00e9publique, Monsieur Mohamed Ould Abdel Aziz, a adress\u00e9 mardi un message de f\u00e9licitations au Pr\u00e9sident de la Conf\u00e9d\u00e9ration Suisse, Monsieur Alain Berset, \u00e0 l&#8217;occasion de la c\u00e9l\u00e9bration par son pays de sa f\u00eate nationale:<\/p>\n<p>Monsieur le Pr\u00e9sident,<\/p>\n<p>La c\u00e9l\u00e9bration de la f\u00eate nationale de la Conf\u00e9d\u00e9ration Suisse m&#8217;offre l&#8217;agr\u00e9able occasion de Vous adresser nos tr\u00e8s chaleureuses f\u00e9licitations et nos meilleurs v\u0153ux de progr\u00e8s pour le peuple suisse ami.<\/p>\n<p>Je tiens \u00e0 Vous assurer de notre ferme volont\u00e9 d&#8217;\u0153uvrer pour que les relations de coop\u00e9ration unissant nos deux pays se d\u00e9veloppent et se renforcent davantage.<\/p>\n<p>Je Vous prie de croire, Monsieur le Pr\u00e9sident, \u00e0 l\u2019assurance de ma tr\u00e8s haute consid\u00e9ration.<\/p>\n<p>Mohamed Ould Abdel Aziz&#8221;.<\/p>\n","protected":false},"excerpt":{"rendered":"<p>Le Pr\u00e9sident de la R\u00e9publique, Monsieur Mohamed Ould Abdel Aziz, a adress\u00e9 mardi un message de f\u00e9licitations au Pr\u00e9sident de la Conf\u00e9d\u00e9ration Suisse, Monsieur Alain Berset, \u00e0 l&#8217;oc<\/p>\n","protected":false},"author":1,"featured_media":164681,"comment_status":"closed","ping_status":"closed","sticky":false,"template":"","format":"standard","meta":{"footnotes":""},"categories":[],"tags":[63991,62476,62753],"class_list":["post-69836","post","type-post","status-publish","format-standard","has-post-thumbnail","hentry","tag-activites-presidentielles","tag-nouakchott","tag-rabani"],"_links":{"self":[{"href":"https:\/\/ami.mr\/fr\/wp-json\/wp\/v2\/posts\/69836","targetHints":{"allow":["GET"]}}],"collection":[{"href":"https:\/\/ami.mr\/fr\/wp-json\/wp\/v2\/posts"}],"about":[{"href":"https:\/\/ami.mr\/fr\/wp-json\/wp\/v2\/types\/post"}],"author":[{"embeddable":true,"href":"https:\/\/ami.mr\/fr\/wp-json\/wp\/v2\/users\/1"}],"replies":[{"embeddable":true,"href":"https:\/\/ami.mr\/fr\/wp-json\/wp\/v2\/comments?post=69836"}],"version-history":[{"count":1,"href":"https:\/\/ami.mr\/fr\/wp-json\/wp\/v2\/posts\/69836\/revisions"}],"predecessor-version":[{"id":164680,"href":"https:\/\/ami.mr\/fr\/wp-json\/wp\/v2\/posts\/69836\/revisions\/164680"}],"wp:featuredmedia":[{"embeddable":true,"href":"https:\/\/ami.mr\/fr\/wp-json\/wp\/v2\/media\/164681"}],"wp:attachment":[{"href":"https:\/\/ami.mr\/fr\/wp-json\/wp\/v2\/media?parent=69836"}],"wp:term":[{"taxonomy":"category","embeddable":true,"href":"https:\/\/ami.mr\/fr\/wp-json\/wp\/v2\/categories?post=69836"},{"taxonomy":"post_tag","embeddable":true,"href":"https:\/\/ami.mr\/fr\/wp-json\/wp\/v2\/tags?post=69836"}],"curies":[{"name":"wp","href":"https:\/\/api.w.org\/{rel}","templated":true}]}}