{"id":69834,"date":"2018-07-31T10:39:18","date_gmt":"2018-07-31T10:39:18","guid":{"rendered":"http:\/\/192.168.64.2\/fr\/index.php\/2018\/07\/31\/le-president-de-la-republique-adresse-un-message-de-felicitations-a-son-homologue-beninois\/"},"modified":"2022-07-04T18:29:50","modified_gmt":"2022-07-04T18:29:50","slug":"le-president-de-la-republique-adresse-un-message-de-felicitations-a-son-homologue-beninois","status":"publish","type":"post","link":"https:\/\/ami.mr\/fr\/archives\/69834","title":{"rendered":"Le Pr\u00e9sident de la R\u00e9publique adresse un message de f\u00e9licitations \u00e0 son homologue b\u00e9ninois"},"content":{"rendered":"<p>le Pr\u00e9sident de la R\u00e9publique, Monsieur Mohamed Ould Abdel Aziz, a adress\u00e9 mardi un message de f\u00e9licitations au Pr\u00e9sident de la R\u00e9publique du B\u00e9nin, Monsieur Patrice Talon, \u00e0 l&#8217;occasion de la c\u00e9l\u00e9bration par son pays de sa f\u00eate nationale.<\/p>\n<p>Ce message est ainsi libell\u00e9 :<\/p>\n<p>&#8220;Monsieur le Pr\u00e9sident et Cher Fr\u00e8re,<\/p>\n<p>A l&#8217;occasion de la c\u00e9l\u00e9bration de la f\u00eate nationale de la R\u00e9publique s\u0153ur du B\u00e9nin, il m&#8217;est agr\u00e9able de Vous adresser mes chaleureuses f\u00e9licitations ainsi que mes meilleurs v\u0153ux de progr\u00e8s et de prosp\u00e9rit\u00e9 pour le peuple b\u00e9ninois fr\u00e8re.<\/p>\n<p>Je tiens \u00e0 vous assurer de notre ferme volont\u00e9 d\u2019\u0153uvrer pour que les relations de coop\u00e9ration unissant nos deux pays se d\u00e9veloppent et se renforcent davantage.<\/p>\n<p>Je Vous prie de croire, Monsieur le Pr\u00e9sident et Cher Fr\u00e8re, \u00e0 l&#8217;assurance de ma tr\u00e8s haute consid\u00e9ration.<\/p>\n<p>Mohamed Ould Abdel Aziz&#8221;.<\/p>\n","protected":false},"excerpt":{"rendered":"<p>le Pr\u00e9sident de la R\u00e9publique, Monsieur Mohamed Ould Abdel Aziz, a adress\u00e9 mardi un message de f\u00e9licitations au Pr\u00e9sident de la R\u00e9publique du B\u00e9nin, Monsieur Patrice Talon, \u00e0 l&#8217;occasion de la c\u00e9l\u00e9bration par son pays de sa f\u00eate nationale<\/p>\n","protected":false},"author":1,"featured_media":164679,"comment_status":"closed","ping_status":"closed","sticky":false,"template":"","format":"standard","meta":{"footnotes":""},"categories":[],"tags":[63991,62476,62753],"class_list":["post-69834","post","type-post","status-publish","format-standard","has-post-thumbnail","hentry","tag-activites-presidentielles","tag-nouakchott","tag-rabani"],"_links":{"self":[{"href":"https:\/\/ami.mr\/fr\/wp-json\/wp\/v2\/posts\/69834","targetHints":{"allow":["GET"]}}],"collection":[{"href":"https:\/\/ami.mr\/fr\/wp-json\/wp\/v2\/posts"}],"about":[{"href":"https:\/\/ami.mr\/fr\/wp-json\/wp\/v2\/types\/post"}],"author":[{"embeddable":true,"href":"https:\/\/ami.mr\/fr\/wp-json\/wp\/v2\/users\/1"}],"replies":[{"embeddable":true,"href":"https:\/\/ami.mr\/fr\/wp-json\/wp\/v2\/comments?post=69834"}],"version-history":[{"count":1,"href":"https:\/\/ami.mr\/fr\/wp-json\/wp\/v2\/posts\/69834\/revisions"}],"predecessor-version":[{"id":164678,"href":"https:\/\/ami.mr\/fr\/wp-json\/wp\/v2\/posts\/69834\/revisions\/164678"}],"wp:featuredmedia":[{"embeddable":true,"href":"https:\/\/ami.mr\/fr\/wp-json\/wp\/v2\/media\/164679"}],"wp:attachment":[{"href":"https:\/\/ami.mr\/fr\/wp-json\/wp\/v2\/media?parent=69834"}],"wp:term":[{"taxonomy":"category","embeddable":true,"href":"https:\/\/ami.mr\/fr\/wp-json\/wp\/v2\/categories?post=69834"},{"taxonomy":"post_tag","embeddable":true,"href":"https:\/\/ami.mr\/fr\/wp-json\/wp\/v2\/tags?post=69834"}],"curies":[{"name":"wp","href":"https:\/\/api.w.org\/{rel}","templated":true}]}}