{"id":69832,"date":"2018-07-30T20:15:57","date_gmt":"2018-07-30T20:15:57","guid":{"rendered":"http:\/\/192.168.64.2\/fr\/index.php\/2018\/07\/30\/le-ministre-de-linterieur-et-son-homologue-espagnol-visitent-certains-centres-dinteret-a-nouadhibou\/"},"modified":"2022-07-04T18:29:47","modified_gmt":"2022-07-04T18:29:47","slug":"le-ministre-de-linterieur-et-son-homologue-espagnol-visitent-certains-centres-dinteret-a-nouadhibou","status":"publish","type":"post","link":"https:\/\/ami.mr\/fr\/archives\/69832","title":{"rendered":"Le ministre de l\u2019int\u00e9rieur et son homologue espagnol visitent certains centres d\u2019int\u00e9r\u00eat \u00e0 Nouadhibou"},"content":{"rendered":"<p>Le ministre de l\u2019int\u00e9rieur et de la d\u00e9centralisation, M. Ahmedou Ould Abdallah et son homologue espagnol Fernando Grande\u2013 Marlaska Gomez, ont effectu\u00e9 lundi apr\u00e8s- midi une visite au niveau du si\u00e8ge \u00e0 Nouadhibou de la compagnie mixte de police mauritano espagnole de lutte contre l\u2019immigration clandestine.<\/p>\n<p>La d\u00e9l\u00e9gation minist\u00e9rielle, qui \u00e9tait accompagn\u00e9e du wali de Dakhlet Nouadhibou, a suivi un expos\u00e9 d\u00e9taill\u00e9 sur l&#8217;historique de cette compagnie et sur le r\u00f4le qu\u2019elle joue dans la lutte contre l\u2019immigration clandestine ainsi que sur les r\u00e9sultats obtenus dans ce domaine.<\/p>\n<p>Notons que cette compagnie a \u00e9t\u00e9 cr\u00e9\u00e9e le 17 novembre 2008 afin de d\u00e9monter les organisations de passeurs et limier le nombre d\u2019op\u00e9rations de migration. Dans ce cadre, cette compagnie a, depuis sa mise sur pied, \u0153uvr\u00e9 \u00e0 d\u00e9membrer de nombreuses organisations de passeurs appr\u00e9hend\u00e9s en flagrant d\u00e9lit et transf\u00e9r\u00e9s \u00e0 la justice. Ce r\u00e9sultat n\u2019est pas le fruit du hasard mais bien cons\u00e9cutif \u00e0 un effort commun mauritano- espagnol qui a permis d\u2019\u00e9radiquer ce crime et d\u2019atteindre les objectifs vis\u00e9s. C\u2019est ainsi que notre pays est devenu un exemple \u00e0 suivre en mati\u00e8re de lutte contre l\u2019immigration clandestine.<\/p>\n<p>La d\u00e9l\u00e9gation a entrepris \u00e9galement une visite au bateau \u2018\u2019Rio Tajo\u2019\u2019 relevant de la Guardia civil espagnole qui se trouve actuellement au Port de Nouadhibou et en a visit\u00e9 les diff\u00e9rentes pavillons avant de suivre des explications sur la mission qui lui est d\u00e9volue.<\/p>\n<p>La d\u00e9l\u00e9gation a \u00e9t\u00e9 accueilli lors de sa visite par le pr\u00e9sident de la zone franche de Nouadhibou, M. Mohamed Ould Daf et le directeur g\u00e9n\u00e9ral du Port Autonome de Nouadhibou, M. Niang Jibril.<\/p>\n","protected":false},"excerpt":{"rendered":"<p>Le ministre de l\u2019int\u00e9rieur et de la d\u00e9centralisation, M. Ahmedou Ould Abdallah et son homologue espagnol Fernando Grande\u2013 Marlaska Gomez, ont effectu\u00e9 lundi apr\u00e8s- midi une visite au niveau du si\u00e8ge \u00e0 Nouadhibou de la compagnie mixte de police mauritano e<\/p>\n","protected":false},"author":1,"featured_media":164677,"comment_status":"closed","ping_status":"closed","sticky":false,"template":"","format":"standard","meta":{"footnotes":""},"categories":[],"tags":[63990,62482,62747],"class_list":["post-69832","post","type-post","status-publish","format-standard","has-post-thumbnail","hentry","tag-activites-gouvernementales","tag-nouadhibou","tag-s_bechire"],"_links":{"self":[{"href":"https:\/\/ami.mr\/fr\/wp-json\/wp\/v2\/posts\/69832","targetHints":{"allow":["GET"]}}],"collection":[{"href":"https:\/\/ami.mr\/fr\/wp-json\/wp\/v2\/posts"}],"about":[{"href":"https:\/\/ami.mr\/fr\/wp-json\/wp\/v2\/types\/post"}],"author":[{"embeddable":true,"href":"https:\/\/ami.mr\/fr\/wp-json\/wp\/v2\/users\/1"}],"replies":[{"embeddable":true,"href":"https:\/\/ami.mr\/fr\/wp-json\/wp\/v2\/comments?post=69832"}],"version-history":[{"count":1,"href":"https:\/\/ami.mr\/fr\/wp-json\/wp\/v2\/posts\/69832\/revisions"}],"predecessor-version":[{"id":164676,"href":"https:\/\/ami.mr\/fr\/wp-json\/wp\/v2\/posts\/69832\/revisions\/164676"}],"wp:featuredmedia":[{"embeddable":true,"href":"https:\/\/ami.mr\/fr\/wp-json\/wp\/v2\/media\/164677"}],"wp:attachment":[{"href":"https:\/\/ami.mr\/fr\/wp-json\/wp\/v2\/media?parent=69832"}],"wp:term":[{"taxonomy":"category","embeddable":true,"href":"https:\/\/ami.mr\/fr\/wp-json\/wp\/v2\/categories?post=69832"},{"taxonomy":"post_tag","embeddable":true,"href":"https:\/\/ami.mr\/fr\/wp-json\/wp\/v2\/tags?post=69832"}],"curies":[{"name":"wp","href":"https:\/\/api.w.org\/{rel}","templated":true}]}}