{"id":69831,"date":"2018-07-30T19:14:31","date_gmt":"2018-07-30T19:14:31","guid":{"rendered":"http:\/\/192.168.64.2\/fr\/index.php\/2018\/07\/30\/le-wali-se-reunit-avec-les-representants-des-ongs-internationales-operant-dans-la-wilaya\/"},"modified":"2022-07-04T18:29:47","modified_gmt":"2022-07-04T18:29:47","slug":"le-wali-se-reunit-avec-les-representants-des-ongs-internationales-operant-dans-la-wilaya","status":"publish","type":"post","link":"https:\/\/ami.mr\/fr\/archives\/69831","title":{"rendered":"Le wali se r\u00e9unit avec les repr\u00e9sentants des ONGs internationales op\u00e9rant dans la wilaya"},"content":{"rendered":"<p>Le wali du Hodh Charghi, M. Sall Saydou Alassane a pr\u00e9sid\u00e9 lundi \u00e0 N\u00e9ma une r\u00e9union avec les services r\u00e9gionaux et les organisations de la soci\u00e9t\u00e9 civile ainsi que les organisations internationales op\u00e9rant dans la wilaya.<\/p>\n<p>Au cours de cette r\u00e9union, les discussions ont port\u00e9 sur les moyens permettant de cr\u00e9er un groupe de travail r\u00e9gional devant op\u00e9rer dans le cadre d\u2019un espace de concertation r\u00e9gional soutenant les efforts nationaux tendant \u00e0 mettre en \u0153uvre la politique de d\u00e9centralisation et de d\u00e9veloppement local ainsi que la strat\u00e9gie de croissance acc\u00e9l\u00e9r\u00e9e et de prosp\u00e9rit\u00e9 partag\u00e9e \u00e0 l\u2019horizon 2000.<\/p>\n<p>Les participants ont \u00e9chang\u00e9 leurs vues sur les statuts r\u00e9gissant l\u2019action du groupe de travail r\u00e9gional, les plans d\u2019avenir des comit\u00e9s de d\u00e9veloppement. A la fin de la r\u00e9union, les participants ont \u00e9t\u00e9 r\u00e9partis en diff\u00e9rents groupes travaillant l\u2019un sur le secteur de l\u2019agriculture ; le second sur l&#8217;\u00e9levage; le troisi\u00e8me sur l\u2019hydraulique ; et les autres sur l\u2019environnement ; les activit\u00e9s g\u00e9n\u00e9ratrices de revenus ; la sant\u00e9 ; la nutrition ; l\u2019assainissement ; l\u2019hygi\u00e8ne ; et un dernier groupe op\u00e9rant dans le domaine de l\u2019\u00e9ducation, de la jeunesse, des sports et de la communication.<\/p>\n<p>La r\u00e9union s\u2019est d\u00e9roul\u00e9e en pr\u00e9sence du hakem de la moughataa de N\u00e9ma et des autorit\u00e9s civiles et militaires de la wilaya.<\/p>\n","protected":false},"excerpt":{"rendered":"<p>Le wali du Hodh Charghi, M. Sall Saydou Alassane a pr\u00e9sid\u00e9 lundi \u00e0 N\u00e9ma une r\u00e9union avec les services r\u00e9gionaux et les organisations de la soci\u00e9t\u00e9 civile ainsi que les organisations internationales op\u00e9rant dans la wilaya<\/p>\n","protected":false},"author":1,"featured_media":0,"comment_status":"closed","ping_status":"closed","sticky":false,"template":"","format":"standard","meta":{"footnotes":""},"categories":[8672],"tags":[62490,62747],"class_list":["post-69831","post","type-post","status-publish","format-standard","hentry","category-8672","tag-nema","tag-s_bechire"],"_links":{"self":[{"href":"https:\/\/ami.mr\/fr\/wp-json\/wp\/v2\/posts\/69831","targetHints":{"allow":["GET"]}}],"collection":[{"href":"https:\/\/ami.mr\/fr\/wp-json\/wp\/v2\/posts"}],"about":[{"href":"https:\/\/ami.mr\/fr\/wp-json\/wp\/v2\/types\/post"}],"author":[{"embeddable":true,"href":"https:\/\/ami.mr\/fr\/wp-json\/wp\/v2\/users\/1"}],"replies":[{"embeddable":true,"href":"https:\/\/ami.mr\/fr\/wp-json\/wp\/v2\/comments?post=69831"}],"version-history":[{"count":1,"href":"https:\/\/ami.mr\/fr\/wp-json\/wp\/v2\/posts\/69831\/revisions"}],"predecessor-version":[{"id":164675,"href":"https:\/\/ami.mr\/fr\/wp-json\/wp\/v2\/posts\/69831\/revisions\/164675"}],"wp:attachment":[{"href":"https:\/\/ami.mr\/fr\/wp-json\/wp\/v2\/media?parent=69831"}],"wp:term":[{"taxonomy":"category","embeddable":true,"href":"https:\/\/ami.mr\/fr\/wp-json\/wp\/v2\/categories?post=69831"},{"taxonomy":"post_tag","embeddable":true,"href":"https:\/\/ami.mr\/fr\/wp-json\/wp\/v2\/tags?post=69831"}],"curies":[{"name":"wp","href":"https:\/\/api.w.org\/{rel}","templated":true}]}}