{"id":69829,"date":"2018-07-30T19:10:40","date_gmt":"2018-07-30T19:10:40","guid":{"rendered":"http:\/\/192.168.64.2\/fr\/index.php\/2018\/07\/30\/le-ministre-des-affaires-etrangeres-sentretient-avec-lambassadeur-de-france-3\/"},"modified":"2022-07-04T18:29:43","modified_gmt":"2022-07-04T18:29:43","slug":"le-ministre-des-affaires-etrangeres-sentretient-avec-lambassadeur-de-france-3","status":"publish","type":"post","link":"https:\/\/ami.mr\/fr\/archives\/69829","title":{"rendered":"Le ministre des affaires \u00e9trang\u00e8res s\u2019entretient avec l\u2019ambassadeur de France"},"content":{"rendered":"<p>Le ministre des affaires \u00e9trang\u00e8res et de la coop\u00e9ration, M. Ismail Ould Cheikh Ahmed a re\u00e7u en audience ce lundi, dans son bureau \u00e0 Nouakchott, SEM. Jo\u00ebl Meyer, ambassadeur de France en Mauritanie.<\/p>\n<p>L\u2019entretien qui a port\u00e9 sur les questions d\u2019int\u00e9r\u00eat commun s\u2019est d\u00e9roul\u00e9 en pr\u00e9sence de M.Abdel Kader Mohamed Ahmedou, ambassadeur directeur des affaires europ\u00e9ennes au minist\u00e8re des affaires \u00e9trang\u00e8res et de la coop\u00e9ration.<\/p>\n","protected":false},"excerpt":{"rendered":"<p>Le ministre des affaires \u00e9trang\u00e8res et de la coop\u00e9ration, M. Ismail Ould Cheikh Ahmed a re\u00e7u en audience ce lundi, dans son bureau \u00e0 Nouakchott, SEM. Jo\u00ebl Meyer, ambassadeur de France en Mauritanie<\/p>\n","protected":false},"author":1,"featured_media":164674,"comment_status":"closed","ping_status":"closed","sticky":false,"template":"","format":"standard","meta":{"footnotes":""},"categories":[],"tags":[63990,62476,62747],"class_list":["post-69829","post","type-post","status-publish","format-standard","has-post-thumbnail","hentry","tag-activites-gouvernementales","tag-nouakchott","tag-s_bechire"],"_links":{"self":[{"href":"https:\/\/ami.mr\/fr\/wp-json\/wp\/v2\/posts\/69829","targetHints":{"allow":["GET"]}}],"collection":[{"href":"https:\/\/ami.mr\/fr\/wp-json\/wp\/v2\/posts"}],"about":[{"href":"https:\/\/ami.mr\/fr\/wp-json\/wp\/v2\/types\/post"}],"author":[{"embeddable":true,"href":"https:\/\/ami.mr\/fr\/wp-json\/wp\/v2\/users\/1"}],"replies":[{"embeddable":true,"href":"https:\/\/ami.mr\/fr\/wp-json\/wp\/v2\/comments?post=69829"}],"version-history":[{"count":1,"href":"https:\/\/ami.mr\/fr\/wp-json\/wp\/v2\/posts\/69829\/revisions"}],"predecessor-version":[{"id":164673,"href":"https:\/\/ami.mr\/fr\/wp-json\/wp\/v2\/posts\/69829\/revisions\/164673"}],"wp:featuredmedia":[{"embeddable":true,"href":"https:\/\/ami.mr\/fr\/wp-json\/wp\/v2\/media\/164674"}],"wp:attachment":[{"href":"https:\/\/ami.mr\/fr\/wp-json\/wp\/v2\/media?parent=69829"}],"wp:term":[{"taxonomy":"category","embeddable":true,"href":"https:\/\/ami.mr\/fr\/wp-json\/wp\/v2\/categories?post=69829"},{"taxonomy":"post_tag","embeddable":true,"href":"https:\/\/ami.mr\/fr\/wp-json\/wp\/v2\/tags?post=69829"}],"curies":[{"name":"wp","href":"https:\/\/api.w.org\/{rel}","templated":true}]}}