{"id":69827,"date":"2018-07-30T18:13:19","date_gmt":"2018-07-30T18:13:19","guid":{"rendered":"http:\/\/192.168.64.2\/fr\/index.php\/2018\/07\/30\/ouverture-dun-atelier-sur-la-revision-du-statut-du-personnel-de-greffe\/"},"modified":"2022-07-04T18:29:40","modified_gmt":"2022-07-04T18:29:40","slug":"ouverture-dun-atelier-sur-la-revision-du-statut-du-personnel-de-greffe","status":"publish","type":"post","link":"https:\/\/ami.mr\/fr\/archives\/69827","title":{"rendered":"Ouverture d&#8217;un atelier sur la r\u00e9vision du statut du personnel de greffe"},"content":{"rendered":"<p>Un atelier sur la r\u00e9vision du statut du personnel charg\u00e9 du greffe, organis\u00e9 par le syndicat national des greffiers mauritaniens en coop\u00e9ration avec le Projet \u2018\u2019\u00c9tat de droit en Mauritanie\u2019\u2019, a \u00e9t\u00e9 ouvert, lundi \u00e0 l&#8217;h\u00f4tel Atlantique \u00e0 Nouakchott.<\/p>\n<p>Ouvrant les travaux de cet atelier de deux jours, M. Oumar Ould El Kassem, conseiller du Ministre de la Justice, a indiqu\u00e9 que la r\u00e9vision du statut du personnel de greffe vise \u00e0 assurer la bonne organisation et la modernisation de cette noble profession ainsi que la d\u00e9finition des taches dont le greffier est en charge.<\/p>\n<p>Il a soulign\u00e9 que la r\u00e9vision des textes l\u00e9gislatifs relatifs au pouvoir judiciaire s&#8217;inscrit dans les r\u00e9formes judiciaires que le Pr\u00e9sident de la R\u00e9publique, M. Mohamed Ould Abdel Aziz, a voulu incarner et faire figurer parmi les priorit\u00e9s du gouvernement du Premier ministre Yahya Ould Hademine.<\/p>\n<p>\u00c0 son tour, M. Cheikh Ould Jidou, repr\u00e9sentant du projet \u2018\u2019\u00c9tat de droit\u2019\u2019, a d\u00e9clar\u00e9 que la justice est l&#8217;\u00e9l\u00e9ment fondamental de \u2018\u2019l\u2019Etat de de droit\u2019\u2019, qu\u2019elle est confi\u00e9e aux juges et que ceux-ci sont entour\u00e9s de greffiers et de notaires sans lesquels ne peut s\u2019acquitter des missions qui lui incombent.<\/p>\n<p>Pour sa part, le pr\u00e9sident du Bureau ex\u00e9cutif de l&#8217;Union nationale des greffiers, le Me Mohamedna Ould Aly, a d\u00e9clar\u00e9 dans un discours prononc\u00e9 \u00e0 cette occasion que la r\u00e9vision des statuts est l&#8217;un des moyens les plus importants permettant de promouvoir les professions.<\/p>\n<p>Dans le cadre de ses efforts pour promouvoir la profession des greffiers en Mauritanie et contribuer \u00e0 la r\u00e9forme judiciaire, l&#8217;Union nationale des greffiers mauritaniens, sous les auspices du minist\u00e8re de la Justice et en coop\u00e9ration avec des partenaires internationaux, notamment le projet de renforcement de l&#8217;Etat de droit en Mauritanie.<\/p>\n<p>La c\u00e9r\u00e9monie s\u2019est d\u00e9roul\u00e9e en pr\u00e9sence du pr\u00e9sident de la Cour Supr\u00eame, du Procureur g\u00e9n\u00e9ral et d\u2019autres personnalit\u00e9s.<\/p>\n","protected":false},"excerpt":{"rendered":"<p>Un atelier sur la r\u00e9vision du statut du personnel charg\u00e9 du greffe, organis\u00e9 par le syndicat national des greffiers mauritaniens en coop\u00e9ration avec le Projet \u2018\u2019\u00c9tat de droit en Mauritanie\u2019\u2019, a \u00e9t\u00e9 ouvert, lundi \u00e0 l&#8217;h\u00f4tel Atlantique \u00e0 Nouakchott<\/p>\n","protected":false},"author":1,"featured_media":164672,"comment_status":"closed","ping_status":"closed","sticky":false,"template":"","format":"standard","meta":{"footnotes":""},"categories":[],"tags":[63971,62476,62747],"class_list":["post-69827","post","type-post","status-publish","format-standard","has-post-thumbnail","hentry","tag-justice-legislation","tag-nouakchott","tag-s_bechire"],"_links":{"self":[{"href":"https:\/\/ami.mr\/fr\/wp-json\/wp\/v2\/posts\/69827","targetHints":{"allow":["GET"]}}],"collection":[{"href":"https:\/\/ami.mr\/fr\/wp-json\/wp\/v2\/posts"}],"about":[{"href":"https:\/\/ami.mr\/fr\/wp-json\/wp\/v2\/types\/post"}],"author":[{"embeddable":true,"href":"https:\/\/ami.mr\/fr\/wp-json\/wp\/v2\/users\/1"}],"replies":[{"embeddable":true,"href":"https:\/\/ami.mr\/fr\/wp-json\/wp\/v2\/comments?post=69827"}],"version-history":[{"count":1,"href":"https:\/\/ami.mr\/fr\/wp-json\/wp\/v2\/posts\/69827\/revisions"}],"predecessor-version":[{"id":164671,"href":"https:\/\/ami.mr\/fr\/wp-json\/wp\/v2\/posts\/69827\/revisions\/164671"}],"wp:featuredmedia":[{"embeddable":true,"href":"https:\/\/ami.mr\/fr\/wp-json\/wp\/v2\/media\/164672"}],"wp:attachment":[{"href":"https:\/\/ami.mr\/fr\/wp-json\/wp\/v2\/media?parent=69827"}],"wp:term":[{"taxonomy":"category","embeddable":true,"href":"https:\/\/ami.mr\/fr\/wp-json\/wp\/v2\/categories?post=69827"},{"taxonomy":"post_tag","embeddable":true,"href":"https:\/\/ami.mr\/fr\/wp-json\/wp\/v2\/tags?post=69827"}],"curies":[{"name":"wp","href":"https:\/\/api.w.org\/{rel}","templated":true}]}}