{"id":69825,"date":"2018-07-30T16:57:10","date_gmt":"2018-07-30T16:57:10","guid":{"rendered":"http:\/\/192.168.64.2\/fr\/index.php\/2018\/07\/30\/lassemblee-nationale-adopte-un-projet-de-loi-portant-statut-de-la-police-nationale-2\/"},"modified":"2022-07-04T18:29:37","modified_gmt":"2022-07-04T18:29:37","slug":"lassemblee-nationale-adopte-un-projet-de-loi-portant-statut-de-la-police-nationale-2","status":"publish","type":"post","link":"https:\/\/ami.mr\/fr\/archives\/69825","title":{"rendered":"L\u2019Assembl\u00e9e nationale adopte un projet de loi portant statut de la police nationale"},"content":{"rendered":"<p>Lors d&#8217;une s\u00e9ance publique tenue lundi, sous la pr\u00e9sidence de M. Mohamed Ould Bo\u00eflil, son pr\u00e9sident, l&#8217;Assembl\u00e9e nationale, a approuv\u00e9 un projet de loi portant statut de la police nationale.<\/p>\n<p>Le ministre de la Justice, M. Dia Moctar Malal, par int\u00e9rim ministre de l&#8217;Int\u00e9rieur et de la D\u00e9centralisation, a indiqu\u00e9 que le projet de loi abroge et remplace la loi n \u00b0 007 &#8211; 2010 du 20 janvier 2010, portant statut de la police nationale.<\/p>\n<p>L&#8217;objectif de ce projet de loi \u00e9tait de doter la police nationale d&#8217;un cadre juridique appropri\u00e9 lui permettant d\u2019accompagner l\u2019\u00e9volution des t\u00e2ches qui lui incombent et de renforcer ses capacit\u00e9s \u00e0 relever les d\u00e9fis de la mondialisation de la criminalit\u00e9.<\/p>\n<p>Il a soulign\u00e9 que le projet de loi visait principalement \u00e0 examiner les fonctions de la police nationale afin de r\u00e9pondre aux exigences en mati\u00e8re de s\u00e9curit\u00e9 face au d\u00e9veloppement de la criminalit\u00e9, et vise \u00e9galement \u00e0 relever le niveau de la police nationale en am\u00e9liorant son professionnalisme et ses orientations scientifiques et techniques.<\/p>\n<p>La nouvelle loi sur la police a introduit un certain nombre d&#8217;am\u00e9liorations, notamment l&#8217;introduction de deux nouveaux cadres de police (g\u00e9n\u00e9ral et technique), la mise en place d&#8217;un cadre technique au sein de la police nationale (m\u00e9decins de police, ing\u00e9nieurs de police, techniciens sup\u00e9rieurs officiers de police, techniciens officiers de police). La r\u00e9organisation du corps des commissaires de police par la cr\u00e9ation d&#8217;un nouveau grade de commissaire de police surveillant, la cr\u00e9ation d&#8217;une nouvelle fili\u00e8re pour les sous-officiers, ind\u00e9pendante de celle des agents de police, la d\u00e9finition de l\u2019\u00e2ge de la retraite pour les commissaires de police \u00e0 62 ans et 57 ans pour les sous-officiers des cadres g\u00e9n\u00e9ral et technique.<\/p>\n<p>Dans leurs interventions, les d\u00e9put\u00e9s se sont f\u00e9licit\u00e9s du nouveau statut de la police, affirmant qu\u2019il vient combler un grand vide juridique et qu\u2019il aiderait la police nationale \u00e0 accomplir ses t\u00e2ches et \u00e0 am\u00e9liorer ses conditions mat\u00e9rielles et morales.<\/p>\n","protected":false},"excerpt":{"rendered":"<p>Lors d&#8217;une s\u00e9ance publique tenue lundi, sous la pr\u00e9sidence de M. Mohamed Ould Bo\u00eflil, son pr\u00e9sident, l&#8217;Assembl\u00e9e nationale, a approuv\u00e9 un projet de loi portant statut de la police nationale<\/p>\n","protected":false},"author":1,"featured_media":164670,"comment_status":"closed","ping_status":"closed","sticky":false,"template":"","format":"standard","meta":{"footnotes":""},"categories":[],"tags":[63963,62476,62747],"class_list":["post-69825","post","type-post","status-publish","format-standard","has-post-thumbnail","hentry","tag-activites-parlementaires","tag-nouakchott","tag-s_bechire"],"_links":{"self":[{"href":"https:\/\/ami.mr\/fr\/wp-json\/wp\/v2\/posts\/69825","targetHints":{"allow":["GET"]}}],"collection":[{"href":"https:\/\/ami.mr\/fr\/wp-json\/wp\/v2\/posts"}],"about":[{"href":"https:\/\/ami.mr\/fr\/wp-json\/wp\/v2\/types\/post"}],"author":[{"embeddable":true,"href":"https:\/\/ami.mr\/fr\/wp-json\/wp\/v2\/users\/1"}],"replies":[{"embeddable":true,"href":"https:\/\/ami.mr\/fr\/wp-json\/wp\/v2\/comments?post=69825"}],"version-history":[{"count":1,"href":"https:\/\/ami.mr\/fr\/wp-json\/wp\/v2\/posts\/69825\/revisions"}],"predecessor-version":[{"id":164669,"href":"https:\/\/ami.mr\/fr\/wp-json\/wp\/v2\/posts\/69825\/revisions\/164669"}],"wp:featuredmedia":[{"embeddable":true,"href":"https:\/\/ami.mr\/fr\/wp-json\/wp\/v2\/media\/164670"}],"wp:attachment":[{"href":"https:\/\/ami.mr\/fr\/wp-json\/wp\/v2\/media?parent=69825"}],"wp:term":[{"taxonomy":"category","embeddable":true,"href":"https:\/\/ami.mr\/fr\/wp-json\/wp\/v2\/categories?post=69825"},{"taxonomy":"post_tag","embeddable":true,"href":"https:\/\/ami.mr\/fr\/wp-json\/wp\/v2\/tags?post=69825"}],"curies":[{"name":"wp","href":"https:\/\/api.w.org\/{rel}","templated":true}]}}