{"id":69819,"date":"2018-07-30T15:56:38","date_gmt":"2018-07-30T15:56:38","guid":{"rendered":"http:\/\/192.168.64.2\/fr\/index.php\/2018\/07\/30\/le-ministre-de-linterieur-et-de-la-decentralisation-tient-une-reunion-de-travail-avec-son-homologue-espagnol\/"},"modified":"2022-07-04T18:29:27","modified_gmt":"2022-07-04T18:29:27","slug":"le-ministre-de-linterieur-et-de-la-decentralisation-tient-une-reunion-de-travail-avec-son-homologue-espagnol","status":"publish","type":"post","link":"https:\/\/ami.mr\/fr\/archives\/69819","title":{"rendered":"Le ministre de l\u2019Int\u00e9rieur et de la D\u00e9centralisation tient une r\u00e9union de travail avec son homologue espagnol"},"content":{"rendered":"<p>Le ministre de l\u2019Int\u00e9rieur et de la D\u00e9centralisation, M. Ahmedou Ould Abdallah, a tenu, lundi matin \u00e0 Nouakchott, une r\u00e9union de travail avec son homologue espagnol de l\u2019Int\u00e9rieur, M. Fernando Grande-Marlaska Gomez dans le cadre de la visite de travail qu\u2019effectue actuellement ce dernier dans notre pays \u00e0 la t\u00eate d\u2019une importante d\u00e9l\u00e9gation du gouvernement espagnol.<\/p>\n<p>Cette r\u00e9union \u00e0 laquelle ont assist\u00e9 les deux d\u00e9l\u00e9gations d\u2019accompagnement mauritanienne et espagnole a \u00e9t\u00e9 consacr\u00e9e \u00e0 l\u2019examen des relations de coop\u00e9ration existant entre les deux pays amis, en particulier dans les domaines de la lutte contre le terrorisme, la migration ill\u00e9gale, le trafic de drogue et le crimes organis\u00e9 et transfrontalier.<\/p>\n<p>A cette occasion, le ministre de l\u2019int\u00e9rieur et de la d\u00e9centralisation a indiqu\u00e9 que les relations de coop\u00e9ration bilat\u00e9rale entre la Mauritanie et l\u2019Espagne a connu un d\u00e9veloppement remarquable au cours des derni\u00e8res ann\u00e9es gr\u00e2ce \u00e0 la volont\u00e9 de Son excellence le Pr\u00e9sident de la R\u00e9publique Monsieur Mohamed Ould Abdel Aziz, de Sa Majest\u00e9 Philip VI, Roi d\u2019Espagne et des gouvernements des deux pays, notamment apr\u00e8s la signature le 26 mai 2015 \u00e0 Madrid d\u2019un accord de coop\u00e9ration dans le domaine de la s\u00e9curit\u00e9.<\/p>\n<p>Il a soulign\u00e9 que l\u2019accord sign\u00e9 entre les d\u00e9partements de l\u2019Int\u00e9rieur des deux pays, dont les volets englobent des axes importants de la lutte contre le terrorisme, le crime organis\u00e9, la migration ill\u00e9gale et tout ce que cela implique comme \u00e9change de donn\u00e9es, d\u2019appuis techniques, de modernisation des services, de formation et de pr\u00e9vention des catastrophes, va avoir des impacts positifs quant aux efforts consentis pour faire face \u00e0 tous ces d\u00e9fis s\u00e9curitaires.<\/p>\n<p>Le ministre de l\u2019Int\u00e9rieur et de la d\u00e9centralisation a rappel\u00e9 les grands efforts de la Mauritanie dans le domaine de la s\u00e9curit\u00e9 pour faire face au terrorisme et au crime organis\u00e9 dans toutes ses formes que le pays a commenc\u00e9 par la mise en place par un syst\u00e8me biom\u00e9trique qui a permis de reformer et de moderniser l\u2019\u00e9tat-civil et d\u2019\u00e9mettre de documents s\u00e9curis\u00e9s au profit des citoyens et des r\u00e9sidents \u00e9trangers ainsi que l\u2019adoption d\u2019un visa d\u2019entr\u00e9e en territoire mauritanien.<\/p>\n<p>Pour sa part, le ministre de l\u2019Int\u00e9rieur espagnol a exprim\u00e9 ses remerciements \u00e0 son homologue mauritanien et, \u00e0 travers lui, au gouvernement et au peuple mauritaniens, indiquant que les deux pays attendent davantage de progr\u00e8s de la coop\u00e9ration s\u00e9curitaire bilat\u00e9rale qui a d\u00e9but\u00e9 il y a 12 qui a permis d\u2019atteindre d\u00e9j\u00e0 des r\u00e9sultats positifs.<\/p>\n<p>Il a soulign\u00e9 que son pays saisit clairement l\u2019ampleur de la responsabilit\u00e9 qui incombe \u00e0 la Mauritanie et appr\u00e9cie hautement les efforts qu\u2019elle consent pour faire face aux d\u00e9fis communs dans le domaine s\u00e9curitaire, indiquant que les r\u00e9seaux terroristes et autres formes de crimes organis\u00e9s travaillent \u00e0 d\u00e9velopper leurs moyens, m\u00e9thodes et plans pour parvenir \u00e0 leurs objectifs criminels dans la zone, ce qui demande d\u2019y faire face avec s\u00e9rieux et force en tenant compte des exigences de la situation.<\/p>\n<p>Il a conclu que la volont\u00e9 commune des deux pays va leur permettre de r\u00e9aliser des r\u00e9sultats consid\u00e9rables et de d\u00e9velopper leur partenariat de fa\u00e7on permanente vers davantage de coop\u00e9ration et de compl\u00e9mentarit\u00e9 dans ce cadre.<\/p>\n<p>La r\u00e9union de travail s\u2019est d\u00e9roul\u00e9e en pr\u00e9sence du secr\u00e9taire g\u00e9n\u00e9ral par int\u00e9rim du minist\u00e8re de l\u2019Int\u00e9rieur et de la D\u00e9centralisation, du Directeur g\u00e9n\u00e9ral de la s\u00fbret\u00e9 nationale, des Chefs d\u2019\u00e9tat-majors de la Gendarmerie et de la Garde nationale, du Chef du groupement g\u00e9n\u00e9ral de la s\u00e9curit\u00e9 routi\u00e8re, du wali de Nouakchott-Ouest, de l\u2019Administrateur-Directeur g\u00e9n\u00e9ral de l\u2019Agence nationale pour l\u2019enregistrement des populations et des documents s\u00e9curis\u00e9s et de l\u2019ambassadeur d\u2019Espagne en Mauritanie.<\/p>\n","protected":false},"excerpt":{"rendered":"<p>Le ministre de l\u2019Int\u00e9rieur et de la D\u00e9centralisation, M. Ahmedou Ould Abdallah, a tenu, lundi matin \u00e0 Nouakchott, une r\u00e9union de travail avec son homologue espagnol de l\u2019Int\u00e9rieur, M<\/p>\n","protected":false},"author":1,"featured_media":164664,"comment_status":"closed","ping_status":"closed","sticky":false,"template":"","format":"standard","meta":{"footnotes":""},"categories":[],"tags":[63990,62757,62476],"class_list":["post-69819","post","type-post","status-publish","format-standard","has-post-thumbnail","hentry","tag-activites-gouvernementales","tag-nomma","tag-nouakchott"],"_links":{"self":[{"href":"https:\/\/ami.mr\/fr\/wp-json\/wp\/v2\/posts\/69819","targetHints":{"allow":["GET"]}}],"collection":[{"href":"https:\/\/ami.mr\/fr\/wp-json\/wp\/v2\/posts"}],"about":[{"href":"https:\/\/ami.mr\/fr\/wp-json\/wp\/v2\/types\/post"}],"author":[{"embeddable":true,"href":"https:\/\/ami.mr\/fr\/wp-json\/wp\/v2\/users\/1"}],"replies":[{"embeddable":true,"href":"https:\/\/ami.mr\/fr\/wp-json\/wp\/v2\/comments?post=69819"}],"version-history":[{"count":1,"href":"https:\/\/ami.mr\/fr\/wp-json\/wp\/v2\/posts\/69819\/revisions"}],"predecessor-version":[{"id":164663,"href":"https:\/\/ami.mr\/fr\/wp-json\/wp\/v2\/posts\/69819\/revisions\/164663"}],"wp:featuredmedia":[{"embeddable":true,"href":"https:\/\/ami.mr\/fr\/wp-json\/wp\/v2\/media\/164664"}],"wp:attachment":[{"href":"https:\/\/ami.mr\/fr\/wp-json\/wp\/v2\/media?parent=69819"}],"wp:term":[{"taxonomy":"category","embeddable":true,"href":"https:\/\/ami.mr\/fr\/wp-json\/wp\/v2\/categories?post=69819"},{"taxonomy":"post_tag","embeddable":true,"href":"https:\/\/ami.mr\/fr\/wp-json\/wp\/v2\/tags?post=69819"}],"curies":[{"name":"wp","href":"https:\/\/api.w.org\/{rel}","templated":true}]}}