{"id":69535,"date":"2018-07-17T19:20:41","date_gmt":"2018-07-17T19:20:41","guid":{"rendered":"http:\/\/192.168.64.2\/fr\/index.php\/2018\/07\/17\/la-ceni-met-en-place-des-centres-pour-linscription-a-distance-sur-la-liste-electorale\/"},"modified":"2022-07-04T18:22:08","modified_gmt":"2022-07-04T18:22:08","slug":"la-ceni-met-en-place-des-centres-pour-linscription-a-distance-sur-la-liste-electorale","status":"publish","type":"post","link":"https:\/\/ami.mr\/fr\/archives\/69535","title":{"rendered":"La CENI met en place des centres pour l\u2019inscription \u00e0 distance sur la liste \u00e9lectorale"},"content":{"rendered":"<p>La Commission \u00e9lectorale nationale ind\u00e9pendante (CENI) a rendu public mardi apr\u00e8s-midi un communiqu\u00e9 dans lequel elle pr\u00e9voit l\u2019inscription \u00e0 distance sur la liste \u00e9lectorale.<\/p>\n<p>Voici le texte int\u00e9gral de ce communiqu\u00e9 :<\/p>\n<p>\u00ab La commission \u00e9lectorale nationale ind\u00e9pendante informe les citoyens qu\u2019elle \u00e0 mis en place avec la collaboration de l\u2019Office National de la Statistique (ONS),des centres sp\u00e9cifiques dans toutes les capitales r\u00e9gionales destin\u00e9s \u00e0 l\u2019enregistrement \u00e0 distance.<\/p>\n<p>Cette mesure vise \u00e0 faciliter l\u2019inscription sur la liste \u00e9lectorale. Cependant, il reste entendu que la pr\u00e9sence physique et la carte nationale d\u2019identification sont obligatoires. \u00bb<\/p>\n","protected":false},"excerpt":{"rendered":"<p>La Commission \u00e9lectorale nationale ind\u00e9pendante (CENI) a rendu public mardi apr\u00e8s-midi un communiqu\u00e9 dans lequel elle pr\u00e9voit l\u2019inscription \u00e0 distance sur la liste \u00e9lectorale.<\/p>\n<p>V<\/p>\n","protected":false},"author":1,"featured_media":164380,"comment_status":"closed","ping_status":"closed","sticky":false,"template":"","format":"standard","meta":{"footnotes":""},"categories":[],"tags":[62985,62476,63993,63478],"class_list":["post-69535","post","type-post","status-publish","format-standard","has-post-thumbnail","hentry","tag-nafa","tag-nouakchott","tag-politique","tag-syde"],"_links":{"self":[{"href":"https:\/\/ami.mr\/fr\/wp-json\/wp\/v2\/posts\/69535","targetHints":{"allow":["GET"]}}],"collection":[{"href":"https:\/\/ami.mr\/fr\/wp-json\/wp\/v2\/posts"}],"about":[{"href":"https:\/\/ami.mr\/fr\/wp-json\/wp\/v2\/types\/post"}],"author":[{"embeddable":true,"href":"https:\/\/ami.mr\/fr\/wp-json\/wp\/v2\/users\/1"}],"replies":[{"embeddable":true,"href":"https:\/\/ami.mr\/fr\/wp-json\/wp\/v2\/comments?post=69535"}],"version-history":[{"count":1,"href":"https:\/\/ami.mr\/fr\/wp-json\/wp\/v2\/posts\/69535\/revisions"}],"predecessor-version":[{"id":164379,"href":"https:\/\/ami.mr\/fr\/wp-json\/wp\/v2\/posts\/69535\/revisions\/164379"}],"wp:featuredmedia":[{"embeddable":true,"href":"https:\/\/ami.mr\/fr\/wp-json\/wp\/v2\/media\/164380"}],"wp:attachment":[{"href":"https:\/\/ami.mr\/fr\/wp-json\/wp\/v2\/media?parent=69535"}],"wp:term":[{"taxonomy":"category","embeddable":true,"href":"https:\/\/ami.mr\/fr\/wp-json\/wp\/v2\/categories?post=69535"},{"taxonomy":"post_tag","embeddable":true,"href":"https:\/\/ami.mr\/fr\/wp-json\/wp\/v2\/tags?post=69535"}],"curies":[{"name":"wp","href":"https:\/\/api.w.org\/{rel}","templated":true}]}}