{"id":69526,"date":"2018-07-17T15:30:38","date_gmt":"2018-07-17T15:30:38","guid":{"rendered":"http:\/\/192.168.64.2\/fr\/index.php\/2018\/07\/17\/boghe-ouverture-dun-atelier-de-lancement-officiel-du-projet-regional-dappui-a-linitiative-dirrigation-au-sahel\/"},"modified":"2022-07-04T18:21:56","modified_gmt":"2022-07-04T18:21:56","slug":"boghe-ouverture-dun-atelier-de-lancement-officiel-du-projet-regional-dappui-a-linitiative-dirrigation-au-sahel","status":"publish","type":"post","link":"https:\/\/ami.mr\/fr\/archives\/69526","title":{"rendered":"Bogh\u00e9: Ouverture d&#8217;un atelier de lancement officiel du projet r\u00e9gional d&#8217;appui \u00e0 l&#8217;initiative d&#8217;irrigation au Sahel"},"content":{"rendered":"<p>Les travaux de l&#8217;atelier national, organis\u00e9 par le minist\u00e8re de l&#8217;agriculture en collaboration avec la Banque Mondiale et le Comit\u00e9 Inter- \u00e9tats de lutte contre les effets de la s\u00e9cheresse au Sahel (CILSS), \u00e0 l&#8217;occasion du lancement officiel du projet d&#8217;appui \u00e0 l&#8217;initiative d&#8217;irrigation au Sahel, ont d\u00e9but\u00e9 mardi \u00e0 Bogh\u00e9, dans la wilaya du Brakna.<\/p>\n<p>Dans un mot prononc\u00e9 pour la circonstance, la ministre de l&#8217;agriculture, Mme Lemina Mint El Kotb Ould Moma, a indiqu\u00e9 que ce projet contribuera aux efforts d\u00e9ploy\u00e9s dans le domaine de la diversification agricole, de l&#8217;augmentation de la production et de l&#8217;am\u00e9lioration de comp\u00e9titivit\u00e9. Il vient, a-t-elle dit, en ex\u00e9cution des orientations du Pr\u00e9sident de la R\u00e9publique, Son Excellence Monsieur Mohamed Ould Abdel Aziz qui accorde un grand int\u00e9r\u00eat \u00e0 notre s\u00e9curit\u00e9 alimentaire, s&#8217;ajoutant ainsi \u00e0 d&#8217;autres importants programmes et projets de d\u00e9veloppement r\u00e9alis\u00e9s par le gouvernement sous la supervision du Premier ministre, M. Yahya Ould Hademine.<\/p>\n<p>Elle a ajout\u00e9 que la dimension strat\u00e9gique du projet s&#8217;harmonise avec les priorit\u00e9s du d\u00e9veloppement dans les domaines de la lutte contre la pauvret\u00e9 et la malnutrition, la s\u00e9curit\u00e9 alimentaire et le d\u00e9veloppement durable du d\u00e9partement de l&#8217;agriculture, tout en tenant compte des objectifs strat\u00e9giques du d\u00e9veloppement acc\u00e9l\u00e9r\u00e9 et de la prosp\u00e9rit\u00e9 partag\u00e9e pour la p\u00e9riode 2016-2030 et conform\u00e9ment au plan national de d\u00e9veloppement agricole 2016-2025.<\/p>\n<p>Pour sa part, M. Kelima Ouedraogo a, au nom du secr\u00e9taire ex\u00e9cutif du comit\u00e9 inter-\u00e9tats de lutte contre les effets de la s\u00e9cheresse au Sahel, indiqu\u00e9 que le forum de Dakar, tenu en 2013, a constitu\u00e9 le d\u00e9but du processus sur l&#8217;irrigation dans la r\u00e9gion du Sahel, pr\u00e9cisant que la Mauritanie a prouv\u00e9, plus d&#8217;une fois, son s\u00e9rieux et sa d\u00e9termination \u00e0 d\u00e9velopper et \u00e0 moderniser le secteur agricole et que sa strat\u00e9gie en la mati\u00e8re a constitu\u00e9 une r\u00e9f\u00e9rence, car \u00e9tant le premier pays des pays concern\u00e9s \u00e0 ex\u00e9cuter son projet relatif \u00e0 l&#8217;appui de l&#8217;initiative d&#8217;irrigation.<\/p>\n<p>Il a en outre soulign\u00e9 que la Mauritanie a renforc\u00e9 aujourd&#8217;hui cette orientation par l&#8217;action sur le terrain apr\u00e8s le lancement du projet, ce qui fait d&#8217;elle un pays pilote devant jouer un r\u00f4le de premier plan dans le d\u00e9veloppement du projet dans les autres pays concern\u00e9s.<\/p>\n<p>De son c\u00f4t\u00e9, le porte-parole du repr\u00e9sentant de la Banque Mondiale en Mauritanie, M. Ibrahima Sall, a indiqu\u00e9 que le financement de ce projet est un don de la Banque Mondiale d&#8217;un montant de 25 millions de dollars am\u00e9ricains sur une dur\u00e9e de six ans, avant de passer en revue les \u00e9tapes de pr\u00e9paration du projet et ses objectifs au niveau local et r\u00e9gional.<\/p>\n<p>Il a exprim\u00e9 la disposition de la Banque Mondiale \u00e0 accompagner les pays du Sahel, notamment la Mauritanie, dans l&#8217;ex\u00e9cution de son processus de d\u00e9veloppement, \u00e9mettant le voeu de voir les interventions du projet toucher les couches cibl\u00e9es estim\u00e9es dans les zones concern\u00e9es \u00e0 environs 10 000 b\u00e9n\u00e9ficiaires, \u00e0 travers le financement de plusieurs activit\u00e9s g\u00e9n\u00e9ratrices de revenus.<\/p>\n<p>Il a enfin insist\u00e9 sur la n\u00e9cessit\u00e9 d&#8217;une bonne gestion des connaissances et de l&#8217;am\u00e9lioration de l&#8217;int\u00e9gration et de partager ces connaissances entre les diff\u00e9rents pays membres du projet.<\/p>\n<p>Le coordinateur du projet r\u00e9gional d\u2019appui \u00e0 l\u2019initiative d\u2019irrigation au Sahel en Mauritanie, M. Ahmed Salem Ould Marrakchi a d\u00e9clar\u00e9 \u00e0 l\u2019AMI, en marge de la c\u00e9r\u00e9monie, que ce projet a pour but d\u2019am\u00e9liorer les comp\u00e9tences des b\u00e9n\u00e9ficiaires en mati\u00e8re de d\u00e9veloppement et de gestion du syst\u00e8me d\u2019irrigation et d\u2019augmenter les superficies irrigu\u00e9es gr\u00e2ce \u00e0 une approche r\u00e9gionale bas\u00e9e sur les analyses dans les pays du Sahel concern\u00e9s \u00e0 savoir, outre la Mauritanie, le Burkina Faso, le Mali, le Niger, le S\u00e9n\u00e9gal et le Tchad.<\/p>\n<p>Il a indiqu\u00e9 qu\u2019il cible en particulier les agriculteurs, notamment ceux issus de familles pauvres, portant ainsi le nombre des b\u00e9n\u00e9ficiaires \u00e0 7031 familles, soulignant que l\u2019enveloppe financi\u00e8re du projet au niveau r\u00e9gional a atteint 171 millions de dollars am\u00e9ricains et pour la Mauritanie, le montant est de 25 millions de dollars.<\/p>\n<p>Le projetr intervient dans les wilayas du Trarza, du Brakna, du Gorgol, , du Guidimakha, des deux Hodhs, de l\u2019Assaba, du Tagant et de l\u2019Adrar.<\/p>\n<p>La c\u00e9r\u00e9monie s\u2019est d\u00e9roul\u00e9e en pr\u00e9sence du wali du Brakna, du Hakem de la moughataa de Bogh\u00e9 et de plusieurs hauts<\/p>\n<p>responsables au minist\u00e8re de l\u2019agriculture.<\/p>\n","protected":false},"excerpt":{"rendered":"<p>Les travaux de l&#8217;atelier national, organis\u00e9 par le minist\u00e8re de l&#8217;agriculture en collaboration avec la Banque Mondiale et le Comit\u00e9 Inter- \u00e9tats de lutte contre les effets de la s\u00e9cheresse au Sahel (CILSS), \u00e0 l&#8217;occasion du lancement officiel du projet d&#8217;a<\/p>\n","protected":false},"author":1,"featured_media":0,"comment_status":"closed","ping_status":"closed","sticky":false,"template":"","format":"standard","meta":{"footnotes":""},"categories":[8672],"tags":[62531,62741],"class_list":["post-69526","post","type-post","status-publish","format-standard","hentry","category-8672","tag-boghe","tag-khweira"],"_links":{"self":[{"href":"https:\/\/ami.mr\/fr\/wp-json\/wp\/v2\/posts\/69526","targetHints":{"allow":["GET"]}}],"collection":[{"href":"https:\/\/ami.mr\/fr\/wp-json\/wp\/v2\/posts"}],"about":[{"href":"https:\/\/ami.mr\/fr\/wp-json\/wp\/v2\/types\/post"}],"author":[{"embeddable":true,"href":"https:\/\/ami.mr\/fr\/wp-json\/wp\/v2\/users\/1"}],"replies":[{"embeddable":true,"href":"https:\/\/ami.mr\/fr\/wp-json\/wp\/v2\/comments?post=69526"}],"version-history":[{"count":1,"href":"https:\/\/ami.mr\/fr\/wp-json\/wp\/v2\/posts\/69526\/revisions"}],"predecessor-version":[{"id":164370,"href":"https:\/\/ami.mr\/fr\/wp-json\/wp\/v2\/posts\/69526\/revisions\/164370"}],"wp:attachment":[{"href":"https:\/\/ami.mr\/fr\/wp-json\/wp\/v2\/media?parent=69526"}],"wp:term":[{"taxonomy":"category","embeddable":true,"href":"https:\/\/ami.mr\/fr\/wp-json\/wp\/v2\/categories?post=69526"},{"taxonomy":"post_tag","embeddable":true,"href":"https:\/\/ami.mr\/fr\/wp-json\/wp\/v2\/tags?post=69526"}],"curies":[{"name":"wp","href":"https:\/\/api.w.org\/{rel}","templated":true}]}}