{"id":69011,"date":"2018-06-30T22:48:23","date_gmt":"2018-06-30T22:48:23","guid":{"rendered":"http:\/\/192.168.64.2\/fr\/index.php\/2018\/06\/30\/ouverture-dune-rencontre-de-haut-niveau-ua-ue-sur-le-theme-femmes-au-pouvoir-2\/"},"modified":"2022-07-04T18:05:56","modified_gmt":"2022-07-04T18:05:56","slug":"ouverture-dune-rencontre-de-haut-niveau-ua-ue-sur-le-theme-femmes-au-pouvoir-2","status":"publish","type":"post","link":"https:\/\/ami.mr\/fr\/archives\/69011","title":{"rendered":"Ouverture d\u2019une rencontre de haut niveau UA-UE sur le th\u00e8me \u00ab femmes au pouvoir \u00bb"},"content":{"rendered":"<p>Le centre international des conf\u00e9rences de Nouakchott \u00ab Al Mourabitoune \u00bb a abrit\u00e9 ce samedi une rencontre de haut niveau sur \u00ab les femmes au pouvoir \u00bb.<\/p>\n<p>La rencontre est organis\u00e9e conjointement par l\u2019Union Africaine et l\u2019Union Europ\u00e9enne sous le patronage de Son Excellence le Pr\u00e9sident de la R\u00e9publique du Rwanda Paul Kagam\u00e9 et Pr\u00e9sident en exercice de l\u2019Union Africaine, en pr\u00e9sence du Pr\u00e9sident de la R\u00e9publique du Niger Son Excellence Mohamadou Issoufou, en marge du 31\u00e8me Sommet de l\u2019UA.<\/p>\n<p>Elle vise \u00e0 renforcer le soutien politique pour faire de l\u2019\u00e9galit\u00e9 des sexes et de l\u2019autonomisation des femmes non seulement une aspiration mais une r\u00e9alit\u00e9 vivante et \u00e0 acc\u00e9l\u00e9rer les engagements dans tous les organes de prise de d\u00e9cision afin de lutter contre toutes les formes de violences contre les femmes.<\/p>\n<p>Dans une allocution prononc\u00e9e pour la circonstance, le Pr\u00e9sident Paul Kagam\u00e9 s\u2019est f\u00e9licit\u00e9 du travail effectu\u00e9 par la Mauritanie dans le domaine du genre soulignant que le sommet de Nouakchott constitue le bon moment pour tenir cette r\u00e9union.<\/p>\n<p>Le Pr\u00e9sident a r\u00e9affirm\u00e9 l\u2019engagement de l\u2019UA et de l\u2019UE en faveur des questions du genre pr\u00e9cisant que celles-ci figurent en bonne position dans les agendas des deux institutions.<\/p>\n<p>Il a rappel\u00e9 que les journ\u00e9es europ\u00e9ennes organis\u00e9es, au d\u00e9but de cette ann\u00e9e, sur les questions du genre et auxquelles il a personnellement pris part avec des chefs d\u2019\u00e9tats africains ont permis \u00e0 l\u2019ensemble de profiter de cette dynamique devant aboutir \u00e0 la parit\u00e9.<\/p>\n<p>Le Pr\u00e9sident Paul Kagam\u00e9 a cependant dit que malgr\u00e9 l\u2019importance des pas franchis sur cette voie des difficult\u00e9s, li\u00e9es notamment aux mentalit\u00e9s, persistent encore. Il a \u00e9mis les v\u0153ux de voir les hommes et les femmes travailler ensembles, dans un climat d\u2019\u00e9quit\u00e9 et d\u2019\u00e9galit\u00e9.<\/p>\n<p>Le Pr\u00e9sident a remerci\u00e9 les autorit\u00e9s mauritaniennes pour l\u2019accueil de ce sommet, et toutes les parties prenantes pour leurs efforts en faveur de la promotion du genre.<\/p>\n<p>La ministre des affaires sociales, de l\u2019enfance et de la famille, Mme Naha Mint Mouknass, a au nom de la femme mauritanienne souhait\u00e9 la bienvenue en Mauritanie, terre de paix et de fraternit\u00e9, aux diff\u00e9rentes d\u00e9l\u00e9gations.<\/p>\n<p>La ministre pr\u00e9cis\u00e9 que depuis que les dirigeants africains ont adopt\u00e9 l\u2019agenda 2063 en 2015, ils ont pris en consid\u00e9ration un ensemble d\u2019ambitions l\u00e9gitimes pour r\u00e9aliser les r\u00eaves des peuples africains en mati\u00e8re de prosp\u00e9rit\u00e9 et de d\u00e9veloppement durable.<\/p>\n<p>Mme Naha Mint Mouknass a indiqu\u00e9 que le d\u00e9veloppement de l\u2019l\u2019Afrique requiert la formation et la mise \u00e0 niveau des ressources humaines notamment des femmes et des jeunes et leur implication dans toutes les actions de d\u00e9veloppement soulignant que le gouvernement mauritanien a accord\u00e9 \u00e0 la femme la place qui lui revient en fonction de ses capacit\u00e9s rappelant que le Pr\u00e9sident de la R\u00e9publique Son Excellence, Monsieur Mohamed Ould Abdel Aziz, l\u2019a honor\u00e9 du titre de premi\u00e8re femme ministre des affaires \u00e9trang\u00e8res et de la coop\u00e9ration au niveau du monde Arabo-Musulman, entre autres, d\u00e9cisions allant dans le sens de la promotion de la femme et de son acc\u00e8s aux centres de d\u00e9cisions.<\/p>\n<p>La ministre a, au nom de ses s\u0153urs africaines, remerci\u00e9 le Pr\u00e9sident Paul Kagam\u00e9 pour ses efforts louables en faveur des femmes nom seulement au Rwanda mais aussi \u00e0 l\u2019\u00e9chelle du continent durant sa pr\u00e9sidence de l\u2019Union Africaine.<\/p>\n<p>Le commissaire de la coop\u00e9ration internationale \u00e0 l\u2019Union Europ\u00e9enne, SEM. Neven Mimica, a pour sa part, soulign\u00e9 que l\u2019\u00e9galit\u00e9 des sexes est une valeur partag\u00e9e au niveau mondial pr\u00e9cisant que la bataille de la parit\u00e9 n\u2019est pas encore gagn\u00e9e \u00e0 100 % en Europe. Il a r\u00e9v\u00e9l\u00e9 que la moiti\u00e9 des 500 millions d\u2019Euro affect\u00e9s \u00e0 l\u2019Afrique est destin\u00e9e \u00e0 la sant\u00e9 de la reproduction et \u00e0 l\u2019\u00e9ducation des femmes, entre autres projets en faveur des femmes. Il a indiqu\u00e9 que l\u2019exclusion des femmes qui repr\u00e9sentent la moiti\u00e9 de la soci\u00e9t\u00e9 est \u00e0 l\u2019origine de l\u2019\u00e9chec de strat\u00e9gies de d\u00e9veloppement.<\/p>\n<p>Le secr\u00e9taire g\u00e9n\u00e9ral adjointe des Nations- Unies, Mme Amina Mohamed, a exhort\u00e9 l\u2019ensemble des intervenants \u00e0 poursuivre les efforts pour atteindre les objectifs de parit\u00e9 et de l\u2019\u00e9limination de toutes les formes de violence \u00e0 l\u2019\u00e9gard des femmes pr\u00e9cisant que son organisation est d\u00e9termin\u00e9e \u00e0 accompagner les actions allant dans ce sens.<\/p>\n<p>La c\u00e9r\u00e9monie s\u2019est d\u00e9roul\u00e9e en pr\u00e9sence de plusieurs membres des gouvernements des pays de l\u2019Union Africaine, de hauts responsables de l\u2019Union Europ\u00e9enne et de responsables d\u2019organisations de la soci\u00e9t\u00e9 civile dont des organisations de femmes et de jeunes.<\/p>\n<p>Il est \u00e0 noter que les ministres du genre de l\u2019Union Africaine ont r\u00e9cemment adopt\u00e9 une nouvelle strat\u00e9gie continentale pour l\u2019\u00e9galit\u00e9 des sexes et l\u2019autonomisation des femmes devant \u00eatre approuver lors de ce 31\u00e8me sommet.<\/p>\n","protected":false},"excerpt":{"rendered":"<p>Le centre international des conf\u00e9rences de Nouakchott \u00ab Al Mourabitoune \u00bb a abrit\u00e9 ce samedi une rencontre de haut niveau sur \u00ab les femmes au pouvoir \u00bb.<\/p>\n<p>La rencontre est organis<\/p>\n","protected":false},"author":1,"featured_media":163856,"comment_status":"closed","ping_status":"closed","sticky":false,"template":"","format":"standard","meta":{"footnotes":""},"categories":[],"tags":[63227,62476,62753,63979],"class_list":["post-69011","post","type-post","status-publish","format-standard","has-post-thumbnail","hentry","tag-medlem","tag-nouakchott","tag-rabani","tag-sommet-africain"],"_links":{"self":[{"href":"https:\/\/ami.mr\/fr\/wp-json\/wp\/v2\/posts\/69011","targetHints":{"allow":["GET"]}}],"collection":[{"href":"https:\/\/ami.mr\/fr\/wp-json\/wp\/v2\/posts"}],"about":[{"href":"https:\/\/ami.mr\/fr\/wp-json\/wp\/v2\/types\/post"}],"author":[{"embeddable":true,"href":"https:\/\/ami.mr\/fr\/wp-json\/wp\/v2\/users\/1"}],"replies":[{"embeddable":true,"href":"https:\/\/ami.mr\/fr\/wp-json\/wp\/v2\/comments?post=69011"}],"version-history":[{"count":1,"href":"https:\/\/ami.mr\/fr\/wp-json\/wp\/v2\/posts\/69011\/revisions"}],"predecessor-version":[{"id":163855,"href":"https:\/\/ami.mr\/fr\/wp-json\/wp\/v2\/posts\/69011\/revisions\/163855"}],"wp:featuredmedia":[{"embeddable":true,"href":"https:\/\/ami.mr\/fr\/wp-json\/wp\/v2\/media\/163856"}],"wp:attachment":[{"href":"https:\/\/ami.mr\/fr\/wp-json\/wp\/v2\/media?parent=69011"}],"wp:term":[{"taxonomy":"category","embeddable":true,"href":"https:\/\/ami.mr\/fr\/wp-json\/wp\/v2\/categories?post=69011"},{"taxonomy":"post_tag","embeddable":true,"href":"https:\/\/ami.mr\/fr\/wp-json\/wp\/v2\/tags?post=69011"}],"curies":[{"name":"wp","href":"https:\/\/api.w.org\/{rel}","templated":true}]}}